{"id":10726,"date":"2026-08-24T15:36:25","date_gmt":"2026-08-24T15:36:25","guid":{"rendered":"https:\/\/fervent-brahmagupta.135-125-119-145.plesk.page\/?p=10726"},"modified":"2026-08-26T01:11:12","modified_gmt":"2026-08-26T01:11:12","slug":"el-pacto-europeo-de-migracion-y-asilo-la-ue-pierde-sus-valores","status":"publish","type":"post","link":"https:\/\/fervent-brahmagupta.135-125-119-145.plesk.page\/ca\/el-pacto-europeo-de-migracion-y-asilo-la-ue-pierde-sus-valores\/","title":{"rendered":"El Pacto Europeo de Migraci\u00f3n y Asilo: la UE pierde sus valores"},"content":{"rendered":"<p class=\"wp-block-paragraph\">El Pacto Europeo sobre Migraci\u00f3n y Asilo (PEMA) entr\u00f3 en vigor el pasado 12 de junio. La Uni\u00f3n Europea lo presenta como una herramienta para una gesti\u00f3n com\u00fan m\u00e1s eficiente de la pol\u00edtica migratoria, pero en realidad basa esa supuesta eficiencia en una legitimaci\u00f3n del <strong>endurecimiento del control y la securitizaci\u00f3n<\/strong> de la misma. Incluso pone en cuesti\u00f3n los derechos humanos, una de las ense\u00f1as de los valores de la Uni\u00f3n Europea desde su creaci\u00f3n.&nbsp;<\/p>\n\n\n\n<p class=\"wp-block-paragraph\">El Pacto comenz\u00f3 su andadura en 2020, cuando la Comisi\u00f3n Europea anunci\u00f3 la puesta en marcha de un proceso destinado a mejorar la eficacia en la gesti\u00f3n de la llegada de migrantes a la Uni\u00f3n Europea, despu\u00e9s de considerar que el Pacto vigente desde 2008 no result\u00f3 operativo en la respuesta a la llamada crisis de refugiados sirios de 2015. Aprobado en diciembre del 2023 durante la Presidencia espa\u00f1ola del Consejo Europeo, consta de nueve reglamentos y una directiva. El \u00faltimo de los reglamentos, que regula la creaci\u00f3n de \u201ccentros de retorno\u201d en terceros pa\u00edses, fue <a href=\"https:\/\/www.youtube.com\/watch?v=mhYp_KDRqwk\" target=\"_blank\" rel=\"noopener\">vitoreado por los europarlamentarios de la derecha y la ultraderecha<\/a> en el pleno del pasado 17 de junio durante su aprobaci\u00f3n al grito de \u201cmandadlos de vuelta\u201d (\u201csend them back\u201d). Las im\u00e1genes recuerdan a una Europa fascista del siglo XX que nunca imaginamos que pudiera llegar a definir las pol\u00edticas del Parlamento Europeo.<\/p>\n\n\n\n<p class=\"wp-block-paragraph\">El nuevo Pacto se fundamenta en cuatro pilares: fronteras exteriores \u201cseguras\u201d, \u201cprocedimientos eficientes\u201d en el \u00e1mbito del asilo y refugio, \u201csistema eficaz de solidaridad\u201d, es decir, de corresponsabilidad econ\u00f3mica o de acogimiento ante la migraci\u00f3n, y lucha contra la trata y la migraci\u00f3n irregular. La aplicaci\u00f3n de estos pilares, <strong>basados en un marco ideol\u00f3gico de securitizaci\u00f3n de fronteras<\/strong>, no resuelve las cuestiones clave de todo proceso migratorio como el acceso, el respeto a la carta de derechos fundamentales de la UE o los recursos destinados a la correcta ejecuci\u00f3n de sus actuaciones administrativas.&nbsp;<\/p>\n\n\n\n<p class=\"wp-block-paragraph\">Entre las novedades m\u00e1s cuestionadas por juristas y organizaciones no gubernamentales se encuentra el triaje, que determina a qui\u00e9n se permite iniciar los tr\u00e1mites de asilo. Seg\u00fan el nuevo Pacto, se asignan siete d\u00edas para que alguien reci\u00e9n llegado y que probablemente no habla espa\u00f1ol, pueda verificar sus datos y demostrar antecedentes de especial vulnerabilidad (v\u00edctima de trata, persecuci\u00f3n por ideolog\u00eda, religi\u00f3n o sexo&#8230;). Si a esto se a\u00f1ade la denominada \u201cficci\u00f3n de no entrada\u201d, seg\u00fan la cual, no se considera que una persona ha entrado en territorio europeo mientras dura el proceso de triaje, el objetivo garantista del Reglamento de Asilo queda completamente desenfocado.<\/p>\n\n\n\n<p class=\"wp-block-paragraph\">Otra novedad es la aprobaci\u00f3n de una lista de \u201cterceros pa\u00edses seguros\u201d, como Marruecos o Bangladesh. Esta medida no s\u00f3lo dificulta la concesi\u00f3n de asilo para los nacionales de los pa\u00edses considerados \u201cseguros\u201d, sino que obliga a los migrantes que han transitado por ellos a tramitar all\u00ed su solicitud de asilo, en vez de a su llegada a Europa. Adicionalmente, el nuevo Pacto impulsa el sistema Eurodac, que recoger\u00e1 los datos personales y biom\u00e9tricos de las personas que hayan entrado de forma irregular a partir de los seis a\u00f1os de edad. Los datos se conservar\u00e1n durante cinco a\u00f1os frente al procedimiento anterior en el que se manten\u00edan 18 meses en el caso de las personas interceptadas en fronteras exteriores. Por \u00faltimo, no podemos dejar de mencionar la reciente aprobaci\u00f3n de los denominados \u201ccentros de retorno\u201d que abre la puerta a la creaci\u00f3n de centros para migrantes en terceros pa\u00edses, incluidas familias con menores, <a href=\"https:\/\/efe.com\/euro-efe\/2026-06-18\/centros-deportacion-albania-meloni-segunda-oportunidad\/\" target=\"_blank\" rel=\"noopener\">siguiendo el modelo promovido por Meloni en Albania<\/a>.<\/p>\n\n\n\n<p class=\"wp-block-paragraph\">E<a href=\"https:\/\/www.oxfamintermon.org\/es\/nota-de-prensa\/nueva-politica-migratoria-ue-pema\" target=\"_blank\" rel=\"noopener\">l <\/a>Grupo de trabajo de entidades sociales sobre el PEMA, entre las que se encuentran Oxfam, C\u00e1ritas, Amnist\u00eda Internacional o CEAR, <a href=\"https:\/\/www.oxfamintermon.org\/es\/nota-de-prensa\/nueva-politica-migratoria-ue-pema\" target=\"_blank\" rel=\"noopener\">ha denunciado<\/a> la inconcreci\u00f3n en la aplicaci\u00f3n de estas medidas: \u201cexigimos al&nbsp;Gobierno y el resto de las fuerzas pol\u00edticas: garantizar la transparencia (\u2026), aplicar el Pacto de la forma m\u00e1s garantista posible (\u2026) y garantizar los recursos necesarios para el buen funcionamiento del mecanismo de monitoreo de los derechos humanos\u201d. El organismo encargado de la supervisi\u00f3n del respeto a los derechos humanos del Pacto Europeo de Migraci\u00f3n y Asilo en Espa\u00f1a es el Defensor del Pueblo. Actualmente sus dict\u00e1menes no son vinculantes ni cuenta con recursos espec\u00edficos para este seguimiento. Como indican juristas especializados, la no garant\u00eda de los derechos a personas que vienen en situaci\u00f3n de vulnerabilidad y la no realizaci\u00f3n en frontera de las preguntas adecuadas para utilizar los mecanismos operativos de protecci\u00f3n por falta de medios y conocimiento del personal asignado, son los mayores retos que presenta la aplicaci\u00f3n del nuevo Pacto. La mera necesidad de que exista en cada pa\u00eds un organismo garante de los derechos humanos, es una muestra de que los legisladores europeos conoc\u00edan que el propio Pacto los puede poner en riesgo.<\/p>\n\n\n\n<p class=\"wp-block-paragraph\">No debemos olvidar que detr\u00e1s de todo proceso migratorio hay una historia de vida. Papa E. M., un ciudadano senegal\u00e9s de 40 a\u00f1os, con residencia legal en Espa\u00f1a, estuvo en Marruecos varios meses antes de llegar a Canarias en patera en 2023. Al llegar a Espa\u00f1a solicit\u00f3 asilo pol\u00edtico por haber participado en las <a href=\"https:\/\/www.aljazeera.com\/features\/2024\/2\/29\/how-an-eu-funded-security-force-helped-senegal-crush-democracy-protests\" target=\"_blank\" rel=\"noopener\">protestas que hubo en Senegal contra el anterior presidente, Macky Sall<\/a>. La petici\u00f3n de asilo finalmente fue denegada, pero durante su tramitaci\u00f3n pudo trabajar legalmente en Espa\u00f1a y obtener la residencia por arraigo. Si hubiera estado vigente el PEMA, no podr\u00eda haber pedido asilo en frontera por haber transitado por un tercer pa\u00eds \u201cseguro\u201d, Marruecos, donde deber\u00eda haber presentado su solicitud. Se aplicar\u00eda tambi\u00e9n la ficci\u00f3n de no entrada y se le devolver\u00eda inmediatamente a su pa\u00eds o a un tercero considerado como seguro.&nbsp;<\/p>\n\n\n\n<p class=\"wp-block-paragraph\">Marcela Simonetta, presidenta de la Asociaci\u00f3n de Mujeres Migrantes, recuerda la capacidad de movilizaci\u00f3n de las asociaciones y ONGs para modificar y paralizar medidas legislativas que vulneran los valores fundamentales de la ciudadan\u00eda y los derechos humanos. \u201cEstos mecanismos infunden miedo y el temor produce inmovilidad y silencio. Ese termina siendo el terreno f\u00e9rtil en que los fundamentalismos hacen brotar su semilla\u201d. Este Pacto refuerza una Europa formada por ciudadanos de diferentes categor\u00edas, derechos y privilegios, y que cede su poder a ideolog\u00edas populistas y <a href=\"https:\/\/industriacontrolmigratorio.porcausa.org\/\" target=\"_blank\" rel=\"noopener\">a la industria del control migratorio<\/a>, formada por empresas y lobbies de origen y objetivos oscuros.<\/p>\n\n\n\n<p class=\"wp-block-paragraph\">Tal y como se\u00f1alan organizaciones de derechos humanos y colectivos migrantes, la Uni\u00f3n Europea y los gobiernos de sus estados miembros deben explicar c\u00f3mo van a proceder a aplicar el pacto, cu\u00e1l es el coste social de su entrada en vigor, a qu\u00e9 intereses ideol\u00f3gicos y econ\u00f3micos responde y, sobre todo, si Europa pierde sus valores fundacionales, qu\u00e9 nos queda para construir un futuro com\u00fan.<\/p>","protected":false},"excerpt":{"rendered":"<p>El Pacto Europeo sobre Migraci\u00f3n y Asilo (PEMA) entr\u00f3 en vigor el pasado 12 de junio. La Uni\u00f3n Europea lo presenta como una herramienta para una gesti\u00f3n com\u00fan m\u00e1s eficiente de la pol\u00edtica migratoria, pero en realidad basa esa supuesta eficiencia en una legitimaci\u00f3n del endurecimiento del control y la securitizaci\u00f3n de la misma. Incluso [&hellip;]<\/p>\n","protected":false},"author":25,"featured_media":10713,"comment_status":"closed","ping_status":"closed","sticky":false,"template":"","format":"standard","meta":{"footnotes":""},"categories":[118],"tags":[],"destacado":[],"region":[135],"ppma_author":[140],"class_list":["post-10726","post","type-post","status-publish","format-standard","has-post-thumbnail","hentry","category-analisis","region-europa"],"acf":[],"authors":[{"term_id":140,"user_id":25,"is_guest":0,"slug":"belen-llera","display_name":"Bel\u00e9n Llera","avatar_url":"https:\/\/secure.gravatar.com\/avatar\/2929fca6fc5b3f3843bdb617c534c5a354b72d3d4f7b676f7bbebe26cc41d7e1?s=96&d=mm&r=g","user_url":"","first_name":"","last_name":"","description":""}],"_links":{"self":[{"href":"https:\/\/fervent-brahmagupta.135-125-119-145.plesk.page\/ca\/wp-json\/wp\/v2\/posts\/10726","targetHints":{"allow":["GET"]}}],"collection":[{"href":"https:\/\/fervent-brahmagupta.135-125-119-145.plesk.page\/ca\/wp-json\/wp\/v2\/posts"}],"about":[{"href":"https:\/\/fervent-brahmagupta.135-125-119-145.plesk.page\/ca\/wp-json\/wp\/v2\/types\/post"}],"author":[{"embeddable":true,"href":"https:\/\/fervent-brahmagupta.135-125-119-145.plesk.page\/ca\/wp-json\/wp\/v2\/users\/25"}],"replies":[{"embeddable":true,"href":"https:\/\/fervent-brahmagupta.135-125-119-145.plesk.page\/ca\/wp-json\/wp\/v2\/comments?post=10726"}],"version-history":[{"count":4,"href":"https:\/\/fervent-brahmagupta.135-125-119-145.plesk.page\/ca\/wp-json\/wp\/v2\/posts\/10726\/revisions"}],"predecessor-version":[{"id":10730,"href":"https:\/\/fervent-brahmagupta.135-125-119-145.plesk.page\/ca\/wp-json\/wp\/v2\/posts\/10726\/revisions\/10730"}],"wp:featuredmedia":[{"embeddable":true,"href":"https:\/\/fervent-brahmagupta.135-125-119-145.plesk.page\/ca\/wp-json\/wp\/v2\/media\/10713"}],"wp:attachment":[{"href":"https:\/\/fervent-brahmagupta.135-125-119-145.plesk.page\/ca\/wp-json\/wp\/v2\/media?parent=10726"}],"wp:term":[{"taxonomy":"category","embeddable":true,"href":"https:\/\/fervent-brahmagupta.135-125-119-145.plesk.page\/ca\/wp-json\/wp\/v2\/categories?post=10726"},{"taxonomy":"post_tag","embeddable":true,"href":"https:\/\/fervent-brahmagupta.135-125-119-145.plesk.page\/ca\/wp-json\/wp\/v2\/tags?post=10726"},{"taxonomy":"destacado","embeddable":true,"href":"https:\/\/fervent-brahmagupta.135-125-119-145.plesk.page\/ca\/wp-json\/wp\/v2\/destacado?post=10726"},{"taxonomy":"region","embeddable":true,"href":"https:\/\/fervent-brahmagupta.135-125-119-145.plesk.page\/ca\/wp-json\/wp\/v2\/region?post=10726"},{"taxonomy":"author","embeddable":true,"href":"https:\/\/fervent-brahmagupta.135-125-119-145.plesk.page\/ca\/wp-json\/wp\/v2\/ppma_author?post=10726"}],"curies":[{"name":"wp","href":"https:\/\/api.w.org\/{rel}","templated":true}]}}