{"id":10765,"date":"2026-06-30T21:55:32","date_gmt":"2026-06-30T21:55:32","guid":{"rendered":"https:\/\/fervent-brahmagupta.135-125-119-145.plesk.page\/?p=10765"},"modified":"2026-08-26T01:12:31","modified_gmt":"2026-08-26T01:12:31","slug":"el-ebola-se-expande-en-medio-del-conflicto-en-la-republica-democratica-del-congo","status":"publish","type":"post","link":"https:\/\/fervent-brahmagupta.135-125-119-145.plesk.page\/ca\/el-ebola-se-expande-en-medio-del-conflicto-en-la-republica-democratica-del-congo\/","title":{"rendered":"El \u00e9bola se expande en medio del conflicto en la Rep\u00fablica Democr\u00e1tica del Congo"},"content":{"rendered":"<p class=\"wp-block-paragraph\">A principios de 2025, la&nbsp;<a href=\"https:\/\/www.elsaltodiario.com\/congo\/brote-ebola-rapido-jamas-registrado-golpea-un-congo-devastado-guerra\" target=\"_blank\" rel=\"noreferrer noopener\">Rep\u00fablica Democr\u00e1tica del Congo (RDC)<\/a>&nbsp;ocup\u00f3 alg\u00fan titular \u2014tampoco muchos\u2014 a causa de la escalada de violencia en un conflicto que ya hace m\u00e1s de tres d\u00e9cadas que perdura: el grupo armado M23 \u2014Movimiento 23 de Marzo, con lazos hist\u00f3ricos con Ruanda\u2014, tom\u00f3 el control de las ciudades de Goma y Bukavu, las respectivas capitales de las provincias de Kivu Norte y Kivu Sur, provincias fronterizas con Uganda, Ruanda y Burundi. Aunque se destaca el M23, en Kivu operan m\u00e1s de un centenar de grupos armados. El origen de este conflicto se halla en una compleja red de factores. Entre ellos destacan el expolio de recursos minerales clave como el cobalto y el colt\u00e1n, as\u00ed como las tensiones relacionadas con la tenencia de la tierra o la reforma del sector de las fuerzas de seguridad, entre otros motivos.<\/p>\n\n\n\n<p class=\"wp-block-paragraph\">A los desplazamientos forzados, la violencia sexual contra mujeres y ni\u00f1as como arma de guerra, la limitaci\u00f3n de la movilidad o el empobrecimiento de la poblaci\u00f3n, se le suma un factor m\u00e1s: un&nbsp;<a href=\"https:\/\/www.elsaltodiario.com\/congo\/brote-ebola-rapido-jamas-registrado-golpea-un-congo-devastado-guerra\" target=\"_blank\" rel=\"noreferrer noopener\">nuevo brote activo del \u00e9bola<\/a>, causado por la cepa Bundibugyo. Los casos se concentran principalmente en la provincia de Ituri, tambi\u00e9n al este del pa\u00eds, pero ya se han extendido a Kivu Norte y Sur y tambi\u00e9n a Uganda, donde se han detectado casos vinculados epidemiol\u00f3gicamente al brote congole\u00f1o, tal como se\u00f1ala la&nbsp;<a href=\"https:\/\/www.who.int\/emergencies\/disease-outbreak-news\/item\/2026-DON607?\" target=\"_blank\" rel=\"noreferrer noopener\">Organizaci\u00f3n Mundial de la Salud<\/a>&nbsp;(OMS). Hasta mediados de junio, las autoridades congole\u00f1as han notificado&nbsp;<a href=\"https:\/\/apnews.com\/article\/congo-ebola-5fa1c56231d700061123e37336eee6fd\" target=\"_blank\" rel=\"noreferrer noopener\">782 casos confirmados y 181 muertes<\/a>, pero las cifras suben cada d\u00eda.<\/p>\n\n\n\n<p class=\"wp-block-paragraph\">La misma OMS&nbsp;<a href=\"https:\/\/www.who.int\/news\/item\/17-05-2026-epidemic-of-ebola-disease-in-the-democratic-republic-of-the-congo-and-uganda-determined-a-public-health-emergency-of-international-concern?\" target=\"_blank\" rel=\"noreferrer noopener\">declar\u00f3 el 17 de mayo<\/a>&nbsp;esta epidemia como una Emergencia de Salud P\u00fablica de Importancia Internacional (PHEIC, por sus siglas en ingl\u00e9s), que se trata del nivel m\u00e1s alto de alerta sanitaria que puede emitir la OMS bajo el Reglamento Sanitario Internacional. La propia organizaci\u00f3n ha advertido de que la inseguridad, el conflicto armado y los desplazamientos dificultan la vigilancia epidemiol\u00f3gica, el rastreo de contactos y el acceso de los equipos sanitarios a las zonas afectadas. Pero para quienes viven en Kivu Norte y Kivu Sur, la crisis sanitaria no puede entenderse separada del conflicto.<\/p>\n\n\n\n<p class=\"wp-block-paragraph\">\u201cLa guerra y el \u00e9bola son amenazas simult\u00e1neas\u201d, afirma con contundencia Marie-Dolorose Masika, enfermera y coordinadora de&nbsp;<a href=\"https:\/\/fepsin.org\/\" target=\"_blank\" rel=\"noreferrer noopener\">FEPSI<\/a>&nbsp;(Femmes Engag\u00e9es pour la Promotion de la Sant\u00e9 Int\u00e9grale, por sus siglas en franc\u00e9s), una organizaci\u00f3n situada en Butembo, ciudad de Kivu Norte. Hace m\u00e1s de 20 a\u00f1os que trabaja con mujeres supervivientes de violencia sexual y de g\u00e9nero, personas desplazadas y comunidades afectadas por el conflicto. Seg\u00fan explica, los desplazamientos provocados por la violencia facilitan la propagaci\u00f3n de la enfermedad y, al mismo tiempo, exponen a las personas desplazadas a nuevas formas de explotaci\u00f3n y abuso. FEPSI, adem\u00e1s, cuenta con su propio hospital, con el objetivo de garantizar el acceso a una atenci\u00f3n sanitaria de calidad para las personas vulnerabilizadas en el marco del conflicto.<\/p>\n\n\n\n<p class=\"has-medium-font-size wp-block-paragraph\" style=\"border-style:none;border-width:0px;margin-top:0;margin-right:0;margin-bottom:0;margin-left:0;padding-top:0;padding-right:0;padding-bottom:0;padding-left:0\"><strong>\u201cLa guerra y el \u00e9bola son amenazas simult\u00e1neas\u201d, afirma con contundencia Marie-Dolorose Masika, enfermera y coordinadora de FEPSI<\/strong><\/p>\n\n\n\n<p class=\"wp-block-paragraph\">La relaci\u00f3n entre ambas crisis tambi\u00e9n es evidente para el doctor Espoir Fazili, m\u00e9dico congole\u00f1o \u2014de Goma, capital de Kivu Norte\u2014 residente actualmente en Kampala, Uganda. \u201cEl conflicto armado provoca una reducci\u00f3n dr\u00e1stica del personal sanitario, la destrucci\u00f3n o el cierre de numerosas estructuras de salud y dificultades para acceder a medicamentos y atenci\u00f3n m\u00e9dica\u201d, explica. \u201cCuando una epidemia como el \u00e9bola llega a un sistema ya debilitado, tareas esenciales como el seguimiento de contactos, el aislamiento de casos o la vigilancia epidemiol\u00f3gica se vuelven extremadamente complejas\u201d.<\/p>\n\n\n\n<figure class=\"wp-block-image size-large\"><a href=\"https:\/\/fervent-brahmagupta.135-125-119-145.plesk.page\/wp-content\/uploads\/2026\/08\/Una-mujer-lavandose-las-manos-en-Butembo-Kivu-Norte-Mwana-Mpenzi-Manzekele-2048x1365-1.webp\" aria-label=\"Ampliar la imagen\" data-elementor-open-lightbox=\"yes\" data-elementor-lightbox-slideshow=\"dentro-10765\"><img fetchpriority=\"high\" decoding=\"async\" width=\"1024\" height=\"682\" src=\"https:\/\/fervent-brahmagupta.135-125-119-145.plesk.page\/wp-content\/uploads\/2026\/08\/Una-mujer-lavandose-las-manos-en-Butembo-Kivu-Norte-Mwana-Mpenzi-Manzekele-2048x1365-1-1024x682.webp\" alt=\"\" class=\"wp-image-10767\" srcset=\"https:\/\/fervent-brahmagupta.135-125-119-145.plesk.page\/wp-content\/uploads\/2026\/08\/Una-mujer-lavandose-las-manos-en-Butembo-Kivu-Norte-Mwana-Mpenzi-Manzekele-2048x1365-1-1024x682.webp 1024w, https:\/\/fervent-brahmagupta.135-125-119-145.plesk.page\/wp-content\/uploads\/2026\/08\/Una-mujer-lavandose-las-manos-en-Butembo-Kivu-Norte-Mwana-Mpenzi-Manzekele-2048x1365-1-300x200.webp 300w, https:\/\/fervent-brahmagupta.135-125-119-145.plesk.page\/wp-content\/uploads\/2026\/08\/Una-mujer-lavandose-las-manos-en-Butembo-Kivu-Norte-Mwana-Mpenzi-Manzekele-2048x1365-1-768x512.webp 768w, https:\/\/fervent-brahmagupta.135-125-119-145.plesk.page\/wp-content\/uploads\/2026\/08\/Una-mujer-lavandose-las-manos-en-Butembo-Kivu-Norte-Mwana-Mpenzi-Manzekele-2048x1365-1-1536x1023.webp 1536w, https:\/\/fervent-brahmagupta.135-125-119-145.plesk.page\/wp-content\/uploads\/2026\/08\/Una-mujer-lavandose-las-manos-en-Butembo-Kivu-Norte-Mwana-Mpenzi-Manzekele-2048x1365-1-18x12.webp 18w, https:\/\/fervent-brahmagupta.135-125-119-145.plesk.page\/wp-content\/uploads\/2026\/08\/Una-mujer-lavandose-las-manos-en-Butembo-Kivu-Norte-Mwana-Mpenzi-Manzekele-2048x1365-1.webp 1600w\" sizes=\"(max-width: 1024px) 100vw, 1024px\" \/><\/a><figcaption class=\"wp-element-caption\">Una mujer lav\u00e1ndose las manos en Butembo, Kivu Norte.&nbsp;| Mwana Mpenzi Manzekele<\/figcaption><\/figure>\n\n\n\n<h2 class=\"wp-block-heading\"><strong>Salud en conflicto<\/strong><\/h2>\n\n\n\n<p class=\"wp-block-paragraph\">Las consecuencias de la ocupaci\u00f3n militar atraviesan todos los \u00e1mbitos de la vida cotidiana. Seg\u00fan Landry Maheshe, activista y defensor de derechos humanos residente en Goma, muchas familias han perdido sus fuentes de ingresos debido a saqueos, cierres de negocios y suspensi\u00f3n de salarios p\u00fablicos. Los bancos permanecen cerrados y la actividad econ\u00f3mica est\u00e1 profundamente alterada. \u201cAdem\u00e1s, desde que el M23 consolid\u00f3 su control sobre la ciudad, la participaci\u00f3n ciudadana se ha reducido dr\u00e1sticamente, y numerosos activistas han tenido que abandonar la regi\u00f3n o limitar sus actividades\u201d, explica.<\/p>\n\n\n\n<p class=\"wp-block-paragraph\">Para el doctor Fazili, las comunidades m\u00e1s empobrecidas son tambi\u00e9n las que enfrentan mayores barreras para acceder a informaci\u00f3n y atenci\u00f3n m\u00e9dica durante una epidemia. Es decir: el deterioro econ\u00f3mico tiene efectos directos sobre la salud. \u201cLas desigualdades ya exist\u00edan antes, pero el \u00e9bola las hace mucho m\u00e1s visibles\u201d, explica. Cuando una persona enferma debe ser aislada, la econom\u00eda familiar puede colapsar, agravando la inseguridad alimentaria y la malnutrici\u00f3n. Y la situaci\u00f3n se vuelve a\u00fan m\u00e1s compleja en un contexto de desplazamientos masivos: las personas que huyen de la violencia suelen hacerlo sin informaci\u00f3n suficiente sobre los riesgos sanitarios ni acceso a medidas de prevenci\u00f3n. \u201cUna persona enferma puede atravesar varios pueblos o campamentos antes de ser identificada\u201d, se\u00f1ala.<\/p>\n\n\n\n<p class=\"wp-block-paragraph\">En Butembo, el hospital de FEPSI ha reforzado los controles de acceso, los protocolos de higiene y los sistemas de detecci\u00f3n temprana. Sin embargo, la enfermera Masika insiste en que la respuesta sanitaria no puede desvincularse del contexto social y pol\u00edtico. \u201cLa gesti\u00f3n de los movimientos de poblaci\u00f3n es pr\u00e1cticamente imposible en zonas de guerra\u201d, asegura. A ello se suma la convivencia en espacios hacinados, la falta de agua y saneamiento, y la imposibilidad de mantener medidas b\u00e1sicas de prevenci\u00f3n.<\/p>\n\n\n\n<p class=\"wp-block-paragraph\">Landry Maheshe coincide en que el aislamiento creciente de la regi\u00f3n \u2014debido a la toma de Goma y Bukavu por parte del M23\u2014, agrava la emergencia. El cierre de aeropuertos, las restricciones fronterizas y las dificultades log\u00edsticas limitan la llegada de suministros y personal sanitario. \u201cLa comunidad de Kivu se encuentra aislada y abandonada\u201d, dice. \u201cLa falta de una sensibilizaci\u00f3n eficaz genera desconfianza no solo hacia las medidas epidemiol\u00f3gicas, sino tambi\u00e9n hacia las autoridades sanitarias, que son nombradas y gestionadas por los rebeldes, quienes no han mostrado piedad alguna hacia la comunidad congole\u00f1a desde que tomaron el control de las zonas\u201d.<\/p>\n\n\n\n<h2 class=\"wp-block-heading\"><strong>Mujeres en la intersecci\u00f3n de las emergencias<\/strong><\/h2>\n\n\n\n<p class=\"wp-block-paragraph\">Si la guerra y la epidemia afectan a toda la poblaci\u00f3n, sus impactos no se distribuyen de manera uniforme. En todas las conversaciones, las mujeres aparecen de forma recurrente como quienes sostienen los cuidados, la supervivencia familiar y las estrategias cotidianas para hacer frente a las crisis, pero tambi\u00e9n como quienes soportan una carga desproporcionada de violencia y exclusi\u00f3n.<\/p>\n\n\n\n<p class=\"wp-block-paragraph\">\u201cLas mujeres suelen verse obligadas a tomar decisiones imposibles\u201d, explica el doctor Fazili. \u201cTienen que escoger entre respetar las medidas de prevenci\u00f3n o encontrar c\u00f3mo alimentar a sus familias\u201d. Muchas han perdido sus hogares, sus medios de vida o familiares cercanos, y contin\u00faan siendo responsables del cuidado de hijos e hijas en condiciones extremadamente precarias, asegura.<\/p>\n\n\n\n<p class=\"has-medium-font-size wp-block-paragraph\"><strong>El deterioro econ\u00f3mico tiene efectos directos sobre la salud. \u201cLas desigualdades ya exist\u00edan antes, pero el \u00e9bola las hace mucho m\u00e1s visibles\u201d, explica el doctor Fazili<\/strong><\/p>\n\n\n\n<p class=\"wp-block-paragraph\">Marie-Dolorose Masika observa esa realidad diariamente en el hospital de FEPSI. Las mujeres desplazadas que llegan al centro no suelen enfrentar un \u00fanico problema. Sus historias est\u00e1n atravesadas simult\u00e1neamente por el conflicto, el desplazamiento forzado, la violencia sexual, la pobreza y las barreras de acceso a la atenci\u00f3n sanitaria. \u201cAlgunas son v\u00edctimas de violencia sexual durante el trayecto hacia las zonas urbanas donde existen servicios m\u00e9dicos\u201d, explica.&nbsp;<\/p>\n\n\n\n<p class=\"wp-block-paragraph\">Para Maheshe, esta vulnerabilidad no puede explicarse \u00fanicamente por la guerra. Tambi\u00e9n est\u00e1 relacionada con estructuras sociales preexistentes que limitan los derechos y la autonom\u00eda de las mujeres. \u201cLas costumbres y pol\u00edticas educativas que menosprecian a las mujeres las vulnerabilizan y abren la puerta a todo tipo de violaciones de derechos\u201d, sostiene. La violencia sexual contin\u00faa siendo una de las expresiones m\u00e1s constantes de esta realidad. Seg\u00fan el activista, existe actualmente un aumento de los casos en Kivu, impulsado tanto por la impunidad como por la ausencia de mecanismos efectivos de justicia. \u201cMuchas v\u00edctimas no denuncian por miedo a represalias o porque consideran que no obtendr\u00e1n protecci\u00f3n\u201d.<\/p>\n\n\n\n<p class=\"wp-block-paragraph\">Adem\u00e1s, el doctor Fazili advierte que las emergencias sanitarias tienden a invisibilizar las necesidades espec\u00edficas de las supervivientes. \u201cMuchas reciben atenci\u00f3n para las consecuencias f\u00edsicas inmediatas, pero los traumas psicol\u00f3gicos permanecen ocultos y sin tratar\u201d. Cuando los escasos recursos sanitarios se concentran en responder al \u00e9bola, la atenci\u00f3n integral a la violencia sexual y de g\u00e9nero puede quedar relegada.<\/p>\n\n\n\n<h2 class=\"wp-block-heading\"><strong>Resistir en la incertidumbre<\/strong><\/h2>\n\n\n\n<p class=\"wp-block-paragraph\">La expansi\u00f3n del brote ha tenido tambi\u00e9n consecuencias regionales. Dado el contagio transfronterizo, Uganda ha impuesto restricciones y cierres temporales en varios pasos fronterizos con la RDC, tal como&nbsp;<a href=\"https:\/\/x.com\/MinofHealthUG\/status\/2059630312355758254\" target=\"_blank\" rel=\"noreferrer noopener\">anunci\u00f3<\/a>&nbsp;el Ministerio de Salud de Uganda. Y estas restricciones no son anecd\u00f3ticas: Uganda es el principal pa\u00eds de acogida de personas refugiadas en \u00c1frica \u2014de hecho, en Uganda hay diversos&nbsp;<a href=\"https:\/\/data.unhcr.org\/en\/country\/uga\" target=\"_blank\" rel=\"noreferrer noopener\">camps de persones refugiades<\/a>, y la mayor\u00eda se ubican en la frontera con Kivu\u2014. Seg\u00fan los&nbsp;<a href=\"https:\/\/data.unhcr.org\/en\/country\/uga\/220?\" target=\"_blank\" rel=\"noreferrer noopener\">dades<\/a>&nbsp;m\u00e1s recientes de&nbsp;<a href=\"https:\/\/www.acnur.org\/es-es\/\" target=\"_blank\" rel=\"noreferrer noopener\">ACNUR<\/a>&nbsp;y de la&nbsp;<a href=\"https:\/\/opm.go.ug\/\" target=\"_blank\" rel=\"noreferrer noopener\">Oficina del Primer Ministro de Uganda<\/a>, el pa\u00eds alberga ya m\u00e1s de dos millones de personas refugiadas y solicitantes de asilo (2,02 millones a finales de mayo de 2026). La poblaci\u00f3n refugiada procede principalmente de Sud\u00e1n del Sur y de la Rep\u00fablica Democr\u00e1tica del Congo. Desde 2025, con la toma de control de Kivu por parte del M23, la poblaci\u00f3n congole\u00f1a que huye de la violencia hasta Uganda ha crecido: desde enero de 2025, las&nbsp;<a href=\"https:\/\/www.unhcr.org\/sites\/default\/files\/2026-04\/update-eastern-drc-situation-regional-external-update-december-2025-march-2026.pdf?\" target=\"_blank\" rel=\"noreferrer noopener\">llegadas acumuladas<\/a>&nbsp;de personas congole\u00f1as registradas en Uganda alcanzaron las 83.820, y&nbsp;<a href=\"https:\/\/data.unhcr.org\/en\/situations\/drc?OrgId=144&amp;utm\" target=\"_blank\" rel=\"noreferrer noopener\">el total de personas refugiadas y solicitantes de asilo<\/a>&nbsp;congole\u00f1as en Uganda ascend\u00eda a 657.223 personas en marzo de 2026.&nbsp;<\/p>\n\n\n\n<p class=\"has-medium-font-size wp-block-paragraph\"><strong>\u201cLas mujeres suelen verse obligadas a tomar decisiones imposibles\u201d, explica el doctor Fazili. \u201cTienen que escoger entre respetar las medidas de prevenci\u00f3n o encontrar c\u00f3mo alimentar a sus familias\u201d<\/strong><\/p>\n\n\n\n<p class=\"wp-block-paragraph\">Sin embargo, el endurecimiento de los controles complica a\u00fan m\u00e1s las posibilidades de quienes intentan escapar de la violencia. \u201cLas mujeres que buscan protecci\u00f3n o atenci\u00f3n m\u00e9dica se ven obligadas a recorrer distancias m\u00e1s largas para acceder a servicios\u201d, explica la enfermera Masika. Esto retrasa los tratamientos y aumenta los riesgos asociados a la enfermedad.<\/p>\n\n\n\n<p class=\"wp-block-paragraph\">Para Landry Maheshe, que se vio&nbsp;<a href=\"https:\/\/yemayarevista.com\/el-rostro-congoleno-en-uganda\/\" target=\"_blank\" rel=\"noreferrer noopener\">obligado a refugiarse en Uganda<\/a>&nbsp;durante unos meses por amenazas constantes a causa de su labor como defensor de los derechos humanos, el cierre de las fronteras tiene, adem\u00e1s, una dimensi\u00f3n profundamente pol\u00edtica. \u201cGoma y Bukavu se han convertido en una especie de prisi\u00f3n\u201d, afirma. La posibilidad de huir, buscar refugio, o simplemente mantener redes econ\u00f3micas transfronterizas, se reduce cada vez m\u00e1s.<\/p>\n\n\n\n<p class=\"wp-block-paragraph\">Pese a todo, tanto Marie-Dolorose Masika como Landry Maheshe y el doctor Fazili, coinciden en se\u00f1alar que las comunidades contin\u00faan desarrollando estrategias de resistencia. Organizaciones locales como FEPSI mantienen servicios de salud y acompa\u00f1amiento a mujeres supervivientes. Activistas y defensores de derechos humanos siguen documentando abusos, a menudo poniendo en riesgo su propia seguridad. Subrayan que la historia de Kivu no es \u00fanicamente la de una guerra persistente ni la de una epidemia. Es la historia de c\u00f3mo distintas formas de violencia se superponen y se refuerzan mutuamente. Y tambi\u00e9n la de una poblaci\u00f3n que contin\u00faa defendiendo sus derechos y su capacidad de decidir sobre su propio futuro.<\/p>\n\n\n\n<p class=\"wp-block-paragraph\">Reportatge en col\u00b7laboraci\u00f3 amb&nbsp;<a href=\"https:\/\/www.elsaltodiario.com\/yemaya-revista\/ebola-se-expande-medio-del-conflicto-republica-democratica-del-congo\" target=\"_blank\" rel=\"noreferrer noopener\">El Salto Diario<\/a>.<\/p>","protected":false},"excerpt":{"rendered":"<p>A principios de 2025, la&nbsp;Rep\u00fablica Democr\u00e1tica del Congo (RDC)&nbsp;ocup\u00f3 alg\u00fan titular \u2014tampoco muchos\u2014 a causa de la escalada de violencia en un conflicto que ya hace m\u00e1s de tres d\u00e9cadas que perdura: el grupo armado M23 \u2014Movimiento 23 de Marzo, con lazos hist\u00f3ricos con Ruanda\u2014, tom\u00f3 el control de las ciudades de Goma y Bukavu, [&hellip;]<\/p>\n","protected":false},"author":4,"featured_media":10766,"comment_status":"closed","ping_status":"closed","sticky":false,"template":"","format":"standard","meta":{"footnotes":""},"categories":[116],"tags":[],"destacado":[90],"region":[132],"ppma_author":[30],"class_list":["post-10765","post","type-post","status-publish","format-standard","has-post-thumbnail","hentry","category-reportajes","destacado-destacado-2","region-africa"],"acf":[],"authors":[{"term_id":30,"user_id":4,"is_guest":0,"slug":"anna-enrech","display_name":"Anna Enrech","avatar_url":"https:\/\/fervent-brahmagupta.135-125-119-145.plesk.page\/wp-content\/uploads\/2024\/04\/Yemaya_1-scaled-1-100x100.jpg","user_url":"","first_name":"Anna","last_name":"Enrech","description":"Periodista. Treballant en tem\u00e0tiques internacionals, sobre conflictes armats i drets humans. Alterna el periodisme freelance amb la comunicaci\u00f3 d'entitats del tercer sector."}],"_links":{"self":[{"href":"https:\/\/fervent-brahmagupta.135-125-119-145.plesk.page\/ca\/wp-json\/wp\/v2\/posts\/10765","targetHints":{"allow":["GET"]}}],"collection":[{"href":"https:\/\/fervent-brahmagupta.135-125-119-145.plesk.page\/ca\/wp-json\/wp\/v2\/posts"}],"about":[{"href":"https:\/\/fervent-brahmagupta.135-125-119-145.plesk.page\/ca\/wp-json\/wp\/v2\/types\/post"}],"author":[{"embeddable":true,"href":"https:\/\/fervent-brahmagupta.135-125-119-145.plesk.page\/ca\/wp-json\/wp\/v2\/users\/4"}],"replies":[{"embeddable":true,"href":"https:\/\/fervent-brahmagupta.135-125-119-145.plesk.page\/ca\/wp-json\/wp\/v2\/comments?post=10765"}],"version-history":[{"count":4,"href":"https:\/\/fervent-brahmagupta.135-125-119-145.plesk.page\/ca\/wp-json\/wp\/v2\/posts\/10765\/revisions"}],"predecessor-version":[{"id":10773,"href":"https:\/\/fervent-brahmagupta.135-125-119-145.plesk.page\/ca\/wp-json\/wp\/v2\/posts\/10765\/revisions\/10773"}],"wp:featuredmedia":[{"embeddable":true,"href":"https:\/\/fervent-brahmagupta.135-125-119-145.plesk.page\/ca\/wp-json\/wp\/v2\/media\/10766"}],"wp:attachment":[{"href":"https:\/\/fervent-brahmagupta.135-125-119-145.plesk.page\/ca\/wp-json\/wp\/v2\/media?parent=10765"}],"wp:term":[{"taxonomy":"category","embeddable":true,"href":"https:\/\/fervent-brahmagupta.135-125-119-145.plesk.page\/ca\/wp-json\/wp\/v2\/categories?post=10765"},{"taxonomy":"post_tag","embeddable":true,"href":"https:\/\/fervent-brahmagupta.135-125-119-145.plesk.page\/ca\/wp-json\/wp\/v2\/tags?post=10765"},{"taxonomy":"destacado","embeddable":true,"href":"https:\/\/fervent-brahmagupta.135-125-119-145.plesk.page\/ca\/wp-json\/wp\/v2\/destacado?post=10765"},{"taxonomy":"region","embeddable":true,"href":"https:\/\/fervent-brahmagupta.135-125-119-145.plesk.page\/ca\/wp-json\/wp\/v2\/region?post=10765"},{"taxonomy":"author","embeddable":true,"href":"https:\/\/fervent-brahmagupta.135-125-119-145.plesk.page\/ca\/wp-json\/wp\/v2\/ppma_author?post=10765"}],"curies":[{"name":"wp","href":"https:\/\/api.w.org\/{rel}","templated":true}]}}