{"id":10774,"date":"2026-08-13T22:07:47","date_gmt":"2026-08-13T22:07:47","guid":{"rendered":"https:\/\/fervent-brahmagupta.135-125-119-145.plesk.page\/?p=10774"},"modified":"2026-08-28T07:45:21","modified_gmt":"2026-08-28T07:45:21","slug":"san-juan-tierra-ancestral-y-asediada-del-caribe-la-comunidad-garifuna-de-honduras-resiste-al-despojo","status":"publish","type":"post","link":"https:\/\/fervent-brahmagupta.135-125-119-145.plesk.page\/ca\/san-juan-tierra-ancestral-y-asediada-del-caribe-la-comunidad-garifuna-de-honduras-resiste-al-despojo\/","title":{"rendered":"San Juan, tierra ancestral y asediada del Caribe: la comunidad gar\u00edfuna de Honduras resiste al despojo"},"content":{"rendered":"<p class=\"wp-block-paragraph\">A comienzos de julio, la polic\u00eda entr\u00f3 por la fuerza, seg\u00fan varias organizaciones en terreno, a golpes y disparos, en la comunidad gar\u00edfuna de San Juan, situada en la costa Caribe de Honduras. San Juan no es un asentamiento reciente sobre un terreno vac\u00edo, sino que se trata de un territorio habitado por una comunidad que desde hace d\u00e9cadas trabaja sus tierras y las reclama ante el gobierno hondure\u00f1o como parte de su territorio ancestral.<\/p>\n\n\n\n<p class=\"wp-block-paragraph\">En 2023, la Corte Interamericana de Derechos Humanos&nbsp;<a href=\"https:\/\/www.corteidh.or.cr\/docs\/comunicados\/cp_97_2023.pdf\" target=\"_blank\" rel=\"noreferrer noopener\">conden\u00f3 a Honduras<\/a>&nbsp;por no reconocer plenamente ese territorio y por no garantizar el derecho de la comunidad gar\u00edfuna a su propiedad. El fallo, concretamente, ordenaba la entrega de un t\u00edtulo de propiedad colectiva sobre tierras alternativas o el pago de las indemnizaciones correspondientes, la publicaci\u00f3n de la sentencia y su resumen, la resoluci\u00f3n de los recursos judiciales y administrativos pendientes, y la creaci\u00f3n de un fondo destinado a proyectos de educaci\u00f3n, vivienda, alimentaci\u00f3n, salud, agua potable y saneamiento. Casi tres a\u00f1os despu\u00e9s, y con un cambio de gobierno en medio, la comunidad sostiene que el Estado, ni de un color ni de otro, ha cumplido con casi nada de lo ordenado.<\/p>\n\n\n\n<p class=\"wp-block-paragraph\">\u201cLas autoridades saben que este territorio tiene una resoluci\u00f3n de la Corte Interamericana favorable al pueblo gar\u00edfuna pero la ignoran y dan entrada a denuncias de particulares y legalizan la compra de terrenos que pertenecen al pueblo Gar\u00edfuna\u201d, denuncia Yessica, miembro de la Organizaci\u00f3n Fraternal Negra Hondure\u00f1a (<a href=\"https:\/\/www.ofraneh.org\/ofraneh\/index.html\" target=\"_blank\" rel=\"noreferrer noopener\">Ofraneh<\/a>).<\/p>\n\n\n\n<p class=\"wp-block-paragraph\">No obstante, bajo el marco de la nueva Ley para el Fortalecimiento y Protecci\u00f3n del Sector Agroindustrial, Proyectos de Energ\u00eda, Turismo, Ganader\u00eda y Peque\u00f1os Productores Agr\u00edcolas de Honduras, a lo largo del mes de julio, cientos de polic\u00edas han perseguido y asediado a miembros de la comunidad. Tambi\u00e9n han detenido a cinco personas defensoras de la Ofraneh. Decenas de personas que habitaban el territorio desde hac\u00eda varias generaciones vieron c\u00f3mo, en cuesti\u00f3n de horas, el lugar donde viv\u00edan dejaba de ser suyo para formar parte, seg\u00fan expone la resoluci\u00f3n judicial, de la sociedad mercantil Promociones y Turismo.<\/p>\n\n\n\n<blockquote class=\"wp-block-quote is-layout-flow wp-block-quote-is-layout-flow\">\n<p class=\"has-text-align-left wp-block-paragraph\"><strong>Es la primera vez que se aplica la Ley para el Fortalecimiento y Protecci\u00f3n del Sector Agroindustrial, Proyectos de Energ\u00eda, Turismo, Ganader\u00eda y Peque\u00f1os Productores para ejecutar una expulsi\u00f3n de este tipo<\/strong><\/p>\n<\/blockquote>\n\n\n\n<p class=\"wp-block-paragraph\">La noche del 6 de julio, el mismo d\u00eda que tuvo lugar el desalojo, las personas detenidas quedaron en libertad con medidas cautelares, pero el proceso no termin\u00f3 ah\u00ed: siguen siendo investigadas por el Juzgado de Letras con Competencia Territorial Nacional en Materia de Criminalidad Organizada y procesadas por el delito de usurpaci\u00f3n agravada. \u201cNos preocupa profundamente que el juzgado que est\u00e1 llevando el caso sea \u00e9ste. Nos tratan como si fu\u00e9ramos criminales\u201d, expresa Yessica Trinidad, coordinadora de la Red Nacional de Defensoras en Honduras.<\/p>\n\n\n\n<p class=\"wp-block-paragraph\">Lo que distingue a este caso de otros desalojos es el instrumento legal que lo respalda. Es la primera vez que se aplica la Ley para el Fortalecimiento y Protecci\u00f3n del Sector Agroindustrial, Proyectos de Energ\u00eda, Turismo, Ganader\u00eda y Peque\u00f1os Productores para ejecutar una expulsi\u00f3n de este tipo. La norma se suma a una serie de reformas que han endurecido el delito de usurpaci\u00f3n en los \u00faltimos a\u00f1os, y que las organizaciones defensoras del territorio se\u00f1alan como una herramienta clave del nuevo gobierno del derechista Nasry Asfura, del Partido Nacional, para criminalizar a los liderazgos comunitarios y justificar los desalojos en favor de m\u00e1s inversi\u00f3n extranjera.<\/p>\n\n\n\n<h2 class=\"wp-block-heading\"><strong>Un pueblo superviviente de la colonizaci\u00f3n<\/strong><\/h2>\n\n\n\n<p class=\"wp-block-paragraph\">El pueblo gar\u00edfuna lleg\u00f3 a la isla de San Vicente, en el Caribe, en el siglo XVIII y, tras ser expulsado por los brit\u00e1nicos en 1797, se asent\u00f3 en distintas zonas de Honduras, Guatemala y Belice. Actualmente es una minor\u00eda, pero mantiene un fuerte sentimiento de identidad y comunidad, con una lengua y una cultura propia. Un legado que se ve amenazado por la injerencia extranjera que opera en la regi\u00f3n, que expolia sus recursos y desaloja a su poblaci\u00f3n a marchas forzadas.<\/p>\n\n\n\n<p class=\"wp-block-paragraph\">Dalila Argueta, activista de la&nbsp;<a href=\"https:\/\/redefensorashn.red\/\" target=\"_blank\" rel=\"noreferrer noopener\">Red Nacional de Defensoras en Honduras<\/a>, cuenta con orgullo y emocionada la red de solidaridad y apoyo mutuo entre la comunidad Gar\u00edfuna: \u201cExiste un programa de vivienda capaz de construir una casa para una familia en apenas tres d\u00edas, un programa de acogida para personas gar\u00edfunas que regresan al pa\u00eds, que les garantiza servicios b\u00e1sicos para integrarse de nuevo, y un sistema propio de recuperaci\u00f3n de tierras envenenadas por el monocultivo de palma africana. Estos logros no son f\u00e1ciles de visibilizar fuera de Honduras y nos lo est\u00e1n arrebatando\u201d. Presume de que \u201cpese a la fuerte polarizaci\u00f3n pol\u00edtica que atraviesa el pa\u00eds tras el cambio de gobierno en Honduras, la sociedad civil est\u00e1 muy articulada y resiste.<\/p>\n\n\n\n<p class=\"has-medium-font-size wp-block-paragraph\"><strong>La Red Nacional de Defensoras en Honduras documenta, en su \u00faltimo informe de 2025, 2.484 agresiones contra defensoras en el pa\u00eds<\/strong><\/p>\n\n\n\n<p class=\"wp-block-paragraph\">Sin embargo, hay territorios a los que la comunidad gar\u00edfuna no tiene acceso, voz ni voto. Son las llamadas Zonas de Empleo y de Desarrollo Econ\u00f3mico (ZEDE), \u00e1reas del territorio nacional sujetas a un \u201cr\u00e9gimen especial\u201d en las que los inversionistas est\u00e1n a cargo de la pol\u00edtica fiscal, de seguridad y de resoluci\u00f3n de conflictos, entre otras competencias.<\/p>\n\n\n\n<p class=\"wp-block-paragraph\">La Red Nacional de Defensoras en Honduras documenta, en su \u00faltimo&nbsp;<a href=\"https:\/\/redefensorashn.red\/caminando-nuestra-justicia\" target=\"_blank\" rel=\"noreferrer noopener\">informe<\/a>&nbsp;de 2025, 2.484 agresiones contra defensoras en el pa\u00eds, e indica que del total de agresiones la mitad fueron contra cooperativas campesinas y comunidades gar\u00edfunas. Adem\u00e1s, se\u00f1ala un patr\u00f3n de agresi\u00f3n, desde los \u00faltimos a\u00f1os, hacia personas cercanas a las defensoras, es decir que se extiende a hijas, hijos y otros familiares cercanos.<\/p>\n\n\n\n<h2 class=\"wp-block-heading\"><strong>Un giro pol\u00edtico m\u00e1s represivo<\/strong><\/h2>\n\n\n\n<p class=\"wp-block-paragraph\">Para Dalila Argueta, el proceso electoral hondure\u00f1o de finales del 2025 marc\u00f3 un punto de inflexi\u00f3n. Describe un escenario \u201cpost-golpe de Estado\u201d, \u2013refiri\u00e9ndose al golpe de estado del 28 de junio de 2009, en el que se detuvo y expuls\u00f3 al presidente Manuel Zelaya y dej\u00f3 el pa\u00eds bajo una fuerte crisis social y pol\u00edtica\u2013. Dalila caracteriza el nuevo poder de Nasry Asfura como una \u201cnarcodictadura\u201d, y sit\u00faa a Honduras dentro de un eje regional vinculado a la<em>&nbsp;Doctrina Donroe<\/em>, apodo surgido de la combinaci\u00f3n de \u201cDonald\u201d y \u201cMonroe\u201d, que retoma la hist\u00f3rica Doctrina Monroe de 1823 que ten\u00eda como objetivo reafirmar la influencia de Estados Unidos en el hemisferio sur; y al llamado HondurasGate, una supuesta confabulaci\u00f3n de poderes pol\u00edticos cercanos a la extrema derecha orientada al control autoritario en Am\u00e9rica Latina, con Honduras como uno de sus puntos neur\u00e1lgicos.<\/p>\n\n\n\n<p class=\"wp-block-paragraph\">El 27 de enero de 2026, Nasry Asfura, del Partido Nacional, asumi\u00f3 la presidencia tras ganar las elecciones generales del 30 de noviembre de 2025 por un estrecho margen frente a Salvador Nasralla, y con el respaldo p\u00fablico de Donald Trump pocos d\u00edas antes de los comicios. Activistas y defensoras de derechos humanos leen su llegada al poder como parte de un giro regional hacia gobiernos de derecha y extrema derecha, que estar\u00eda reforzando marcos legales que facilitan los desalojos y el despojo de tierras en nombre de proyectos agroindustriales, energ\u00e9ticos y tur\u00edsticos.<\/p>\n\n\n\n<h2 class=\"wp-block-heading\"><strong>\u201cLa tierra es de quien la trabaja\u201d<\/strong><\/h2>\n\n\n\n<p class=\"wp-block-paragraph\">El turismo, en concreto, est\u00e1 afectando especialmente los territorios de las comunidades gar\u00edfunas, que durante siglos han sido protectoras de los territorios costeros del mar Caribe. Estos macroproyectos est\u00e1n generando numerosos impactos que van desde la p\u00e9rdida de autonom\u00eda alimentaria \u2013puesto que la palma ha sustituido los cultivos de alimentos para el consumo local\u2013, hasta el aumento de la violencia y los desplazamientos forzados. En la mayor\u00eda de casos, los terratenientes y las empresas se han apropiado de los territorios con violencia y en contubernio con el crimen organizado, el Estado y el ej\u00e9rcito.<a href=\"https:\/\/www.elsaltodiario.com\/desmantelando\/diez-anos-del-asesinato-berta-caceres-estamos-defendiendo-territorio\" target=\"_blank\" rel=\"noreferrer noopener\"><\/a><\/p>\n\n\n\n<p class=\"wp-block-paragraph\">Joezeline Mart\u00ednez, miembro y portavoz de la comunidad gar\u00edfuna de Ofraneh, pone en valor el papel que juegan las mujeres en esta resistencia: \u201cLa mujer gar\u00edfuna cumple un rol muy importante, es la cabeza del hogar y de todos los \u00e1mbitos. Siempre lleva la batuta. La tierra es de quien la trabaja. Hay que replantar los cultivos de aqu\u00ed, como los cocos, las sand\u00edas, las yucas y los pl\u00e1tanos, para seguir plantando y plant\u00e1ndose frente al saqueo que nos despoja de lo que es nuestro y nos expulsa a migrar a Estados Unidos\u201d.<\/p>\n\n\n\n<p class=\"wp-block-paragraph\">El Caribe es, para quien lo visita, un para\u00edso de descanso, placer y evasi\u00f3n. El Caribe es tambi\u00e9n una alfombra de arena blanca donde algunos buscan lucrarse a costa del expolio de recursos, el desalojo de sus comunidades y del da\u00f1o al entorno que lo sostiene.<\/p>\n\n\n\n<p class=\"wp-block-paragraph\">Reportatge en col\u00b7laboraci\u00f3 amb&nbsp;<a href=\"https:\/\/www.elsaltodiario.com\/honduras\/san-juan-tierra-ancestral-asediada-del-caribe-comunidad-garifuna-honduras-resiste-al-despojo#\" target=\"_blank\" rel=\"noreferrer noopener\">El Salto Diario<\/a>.<\/p>","protected":false},"excerpt":{"rendered":"<p>A comienzos de julio, la polic\u00eda entr\u00f3 por la fuerza, seg\u00fan varias organizaciones en terreno, a golpes y disparos, en la comunidad gar\u00edfuna de San Juan, situada en la costa Caribe de Honduras. San Juan no es un asentamiento reciente sobre un terreno vac\u00edo, sino que se trata de un territorio habitado por una comunidad [&hellip;]<\/p>\n","protected":false},"author":5,"featured_media":10775,"comment_status":"closed","ping_status":"closed","sticky":false,"template":"","format":"standard","meta":{"footnotes":""},"categories":[116],"tags":[],"destacado":[89],"region":[133],"ppma_author":[32],"class_list":["post-10774","post","type-post","status-publish","format-standard","has-post-thumbnail","hentry","category-reportajes","destacado-destacado-1","region-america"],"acf":[],"authors":[{"term_id":32,"user_id":5,"is_guest":0,"slug":"sara-aminiyan","display_name":"Sara Aminiyan","avatar_url":{"url":"https:\/\/fervent-brahmagupta.135-125-119-145.plesk.page\/wp-content\/uploads\/2024\/04\/s-e1713375288904.jpg","url2x":"https:\/\/fervent-brahmagupta.135-125-119-145.plesk.page\/wp-content\/uploads\/2024\/04\/s-e1713375288904.jpg"},"user_url":"","first_name":"Sara","last_name":"Aminiyan","description":"Periodista y fot\u00f3grafa especializada en g\u00e9nero y migraciones. Ha publicado en El Salto, El Publico, La Marea, Catalunya Plural, La Directa y L'Ara."}],"_links":{"self":[{"href":"https:\/\/fervent-brahmagupta.135-125-119-145.plesk.page\/ca\/wp-json\/wp\/v2\/posts\/10774","targetHints":{"allow":["GET"]}}],"collection":[{"href":"https:\/\/fervent-brahmagupta.135-125-119-145.plesk.page\/ca\/wp-json\/wp\/v2\/posts"}],"about":[{"href":"https:\/\/fervent-brahmagupta.135-125-119-145.plesk.page\/ca\/wp-json\/wp\/v2\/types\/post"}],"author":[{"embeddable":true,"href":"https:\/\/fervent-brahmagupta.135-125-119-145.plesk.page\/ca\/wp-json\/wp\/v2\/users\/5"}],"replies":[{"embeddable":true,"href":"https:\/\/fervent-brahmagupta.135-125-119-145.plesk.page\/ca\/wp-json\/wp\/v2\/comments?post=10774"}],"version-history":[{"count":5,"href":"https:\/\/fervent-brahmagupta.135-125-119-145.plesk.page\/ca\/wp-json\/wp\/v2\/posts\/10774\/revisions"}],"predecessor-version":[{"id":10855,"href":"https:\/\/fervent-brahmagupta.135-125-119-145.plesk.page\/ca\/wp-json\/wp\/v2\/posts\/10774\/revisions\/10855"}],"wp:featuredmedia":[{"embeddable":true,"href":"https:\/\/fervent-brahmagupta.135-125-119-145.plesk.page\/ca\/wp-json\/wp\/v2\/media\/10775"}],"wp:attachment":[{"href":"https:\/\/fervent-brahmagupta.135-125-119-145.plesk.page\/ca\/wp-json\/wp\/v2\/media?parent=10774"}],"wp:term":[{"taxonomy":"category","embeddable":true,"href":"https:\/\/fervent-brahmagupta.135-125-119-145.plesk.page\/ca\/wp-json\/wp\/v2\/categories?post=10774"},{"taxonomy":"post_tag","embeddable":true,"href":"https:\/\/fervent-brahmagupta.135-125-119-145.plesk.page\/ca\/wp-json\/wp\/v2\/tags?post=10774"},{"taxonomy":"destacado","embeddable":true,"href":"https:\/\/fervent-brahmagupta.135-125-119-145.plesk.page\/ca\/wp-json\/wp\/v2\/destacado?post=10774"},{"taxonomy":"region","embeddable":true,"href":"https:\/\/fervent-brahmagupta.135-125-119-145.plesk.page\/ca\/wp-json\/wp\/v2\/region?post=10774"},{"taxonomy":"author","embeddable":true,"href":"https:\/\/fervent-brahmagupta.135-125-119-145.plesk.page\/ca\/wp-json\/wp\/v2\/ppma_author?post=10774"}],"curies":[{"name":"wp","href":"https:\/\/api.w.org\/{rel}","templated":true}]}}