{"id":4169,"date":"2022-01-11T17:38:44","date_gmt":"2022-01-11T17:38:44","guid":{"rendered":"https:\/\/fervent-brahmagupta.135-125-119-145.plesk.page\/?p=4169"},"modified":"2026-08-24T11:42:53","modified_gmt":"2026-08-24T11:42:53","slug":"abdou-aziz-medico-comunitario-en-dakar-el-miedo-al-matrimonio-forzoso-lleva-a-muchas-jovenes-a-la-migracion-clandestina","status":"publish","type":"post","link":"https:\/\/fervent-brahmagupta.135-125-119-145.plesk.page\/ca\/abdou-aziz-medico-comunitario-en-dakar-el-miedo-al-matrimonio-forzoso-lleva-a-muchas-jovenes-a-la-migracion-clandestina\/","title":{"rendered":"Abdou Aziz S\u00e9ne, m\u00e9dico comunitario en Dakar: \u201cEl miedo al matrimonio forzoso lleva a muchas j\u00f3venes a la migraci\u00f3n clandestina\u201d"},"content":{"rendered":"\n<p class=\"wp-block-paragraph\">Abdou Aziz S\u00e9ne se sienta en una de las sillas de pl\u00e1stico del patio exterior de su casa. Mientras charla con sus hermanos y familiares su hija peque\u00f1a juega con su brazo, y \u00e9ste la atrapa haci\u00e9ndole cosquillas. \u00c9l es el presidente de los actores comunitarios de Path Toi, uno de los barrios m\u00e1s transitados de Dakar, capital de Senegal. Es m\u00e9dico, y su rol es coordinar actividades de identificaci\u00f3n y prevenci\u00f3n respecto a la sanidad y el bienestar, sobre todo de mujeres j\u00f3venes \u201cque viven sometidas a mucha violencia\u201d seg\u00fan Aziz S\u00e9ne. \u201cHace poco organizamos distintos grupos de debate para identificar las necesidades que las propias mujeres senegalesas demandaban a nivel de salud. Una gran mayor\u00eda quer\u00edan acceder a un buen servicio de ecograf\u00edas para su embarazo. Nuestro trabajo es buscar colaboraciones con organizaciones internacionales que puedan proveernos del material que necesitamos\u201d, explica.<\/p>\n\n\n\n<p class=\"wp-block-paragraph\">En los \u00faltimos a\u00f1os, Aziz Seck ha colaborado activamente con la ONG espa\u00f1ola M\u00e9dicos del Mundo, en un proyecto que pretend\u00eda identificar las rutas mayoritarias panafricanas as\u00ed como las violencias a las cuales est\u00e1n expuestas las mujeres en proceso de tr\u00e1nsito: \u201cEmpezamos en 2017 en Costa de Marfil. Nos reunimos representantes comunitarios de muchos lugares: yo representaba Senegal. El objetivo \u00faltimo del proyecto era alertar y concienciar sobre los peligros de las rutas migratorias clandestinas\u201d.<\/p>\n\n\n\n<p class=\"dentro-pregunta wp-block-paragraph\"><strong>\u00bfQu\u00e9 causas identificaste por las cuales las mujeres africanas emprenden la migraci\u00f3n?<\/strong><\/p>\n\n\n\n<p class=\"wp-block-paragraph\">La gente, en su mayor\u00eda, escapa de la pobreza. Ya no hay trabajo. Pero respecto a las mujeres j\u00f3venes hay que sumarle el miedo al matrimonio forzoso, que es la causa mayoritaria que hace que tantas dejen atr\u00e1s sus familias y sus casas conyugales para enfrentarse a la migraci\u00f3n clandestina. Hacemos un trabajo de formaci\u00f3n y concienciaci\u00f3n de estas chicas y sus familias para que puedan quedarse en sus pa\u00edses, y tambi\u00e9n hemos organizado movilizaciones sociales para que acabe el matrimonio forzado. Sobre todo con los l\u00edderes comunitarios, los imanes, para que nos ayuden a difundir el mensaje. Ellos son muy escuchados por la poblaci\u00f3n, y si el im\u00e1n lo dice es mucho m\u00e1s f\u00e1cil que la gente lo acepte. A trav\u00e9s de ellos hemos logrado que muchas mujeres se queden en sus pa\u00edses.<\/p>\n\n\n\n<p class=\"dentro-pregunta wp-block-paragraph\"><strong>A nivel nacional, en Senegal, \u00bfen qu\u00e9 trabaj\u00e1is?<\/strong><\/p>\n\n\n\n<p class=\"wp-block-paragraph\">En Senegal sobre todo trabajamos en escuelas para difundir la problem\u00e1tica con los alumnos. El 49% de las mujeres j\u00f3venes en Senegal est\u00e1n forzadas a casarse, pese a que aparentemente sea una realidad menos visible que en otros pa\u00edses. A\u00fan as\u00ed, las tasas de migraci\u00f3n de las mujeres senegalesas son mucho m\u00e1s bajas que las de otros pa\u00edses.<\/p>\n\n\n\n<p class=\"dentro-pregunta wp-block-paragraph\"><strong>La tradici\u00f3n, nos contaban muchas mujeres en Senegal, es que la mujer se encargue de los ni\u00f1os y ni\u00f1as y de las personas mayores. No pueden migrar teniendo gente a su cargo: deben quedarse en su pa\u00eds, trabajando y cuidando de ellos.<\/strong><\/p>\n\n\n\n<p class=\"wp-block-paragraph\">As\u00ed es&#8230; y me consta que dentro de los matrimonios no se reparten las tareas dom\u00e9sticas.<\/p>\n\n\n\n<p class=\"dentro-pregunta wp-block-paragraph\"><strong>Hace pocos meses, realizaste un estudio sobre ello&#8230;<\/strong><\/p>\n\n\n\n<p class=\"wp-block-paragraph\">Separamos a hombres y mujeres y les preguntamos todas las tareas que hacen en su casa de la ma\u00f1ana a la noche. B\u00e1sicamente, los hombres no hacen nada y las mujeres lo hacen todo. Ellas salen por la ma\u00f1ana a comprar el pan, limpian toda la casa, preparan el desayuno y la comida, el zumo que bebemos&#8230;<\/p>\n\n\n\n<p class=\"wp-block-paragraph\">[Sohkna, la esposa del doctor, interviene: \u201cnosotras lo preparamos todo, trabajamos y cuidamos a los ni\u00f1os. Y yo tengo hijos pero tambi\u00e9n trabajo\u201d, a\u00f1ade desde la habitaci\u00f3n de al lado mientras prepara yassa, un plato t\u00edpico senegal\u00e9s]<\/p>\n\n\n\n<p class=\"wp-block-paragraph\">Organizamos unos grupos de discusi\u00f3n con hombres para hacerles entender que para tener una familia las dos personas deben colaborar. Muchos piensan que ellas no deben decidir nada. Es de nuevo el problema de la tradici\u00f3n. Se ha impuesto un sentido de dominaci\u00f3n del hombre sobre la mujer, que es muy dif\u00edcil cambiar, pero vamos poco a poco.<\/p>\n\n\n\n<p class=\"dentro-pregunta wp-block-paragraph\"><strong>Si, en su mayor\u00eda, los hombres no colaboran en la casa, \u00bflo hacen entonces econ\u00f3micamente?<\/strong><\/p>\n\n\n\n<p class=\"wp-block-paragraph\">Los hombres sol\u00edan trabajar en la pesca o en el turismo. Pero ahora no hay ni una cosa ni la otra.<\/p>\n\n\n\n<p class=\"wp-block-paragraph\">[El 18 de noviembre de 2020 el Parlamento Europeo renov\u00f3 el protocolo que da acceso a barcos de Espa\u00f1a sobre las aguas de Senegal, Francia y Portugal durante un per\u00edodo de cinco a\u00f1os. Este protocolo, el cual se enmarca dentro de los Acuerdos de Colaboraci\u00f3n de Pesca Sostenible (ACPS), permite pescar en la zona a 45 barcos europeos, 29 de ellos espa\u00f1oles, que destruyen el ecosistema arrasando el fondo marino y acaban con el pescado].<\/p>\n\n\n\n<p class=\"wp-block-paragraph\">Si no pueden pescar se van a Europa a buscar trabajo. Han sido educados para mantener a su familia, a sus padres y a sus mujeres. Pero las mujeres se quedan y deben pensar en nuevas f\u00f3rmulas para trabajar aqu\u00ed.<\/p>\n\n\n\n<figure class=\"wp-block-image size-full\"><a href=\"https:\/\/fervent-brahmagupta.135-125-119-145.plesk.page\/wp-content\/uploads\/2022\/12\/IMG_9519-copia.jpg\" aria-label=\"Ampliar la imagen: IMG_9519-copia\" data-elementor-open-lightbox=\"yes\" data-elementor-lightbox-slideshow=\"dentro-4169\"><img fetchpriority=\"high\" decoding=\"async\" width=\"1000\" height=\"667\" src=\"https:\/\/fervent-brahmagupta.135-125-119-145.plesk.page\/wp-content\/uploads\/2022\/12\/IMG_9519-copia.jpg\" alt=\"\" class=\"wp-image-4171\" srcset=\"https:\/\/fervent-brahmagupta.135-125-119-145.plesk.page\/wp-content\/uploads\/2022\/12\/IMG_9519-copia.jpg 1000w, https:\/\/fervent-brahmagupta.135-125-119-145.plesk.page\/wp-content\/uploads\/2022\/12\/IMG_9519-copia-300x200.jpg 300w, https:\/\/fervent-brahmagupta.135-125-119-145.plesk.page\/wp-content\/uploads\/2022\/12\/IMG_9519-copia-768x512.jpg 768w\" sizes=\"(max-width: 1000px) 100vw, 1000px\" \/><\/a><figcaption class=\"wp-element-caption\"><em>Abdou Aziz S\u00e9ne durante la entrevista I SARA AMINIYAN<\/em><\/figcaption><\/figure>\n\n\n\n<p class=\"dentro-pregunta wp-block-paragraph\"><strong>Las mujeres en Senegal, en su mayor\u00eda, se quedan, pero en otros pa\u00edses de \u00c1frica las mujeres cada d\u00eda emigran m\u00e1s. \u00bfPor qu\u00e9 crees que sucede?<\/strong><\/p>\n\n\n\n<p class=\"wp-block-paragraph\">En Guinea hay guerras entre pueblos, y esto hace que aumente siempre la violencia contra las mujeres. En Costa de Marfil, la guerra ha terminado pero sigue habiendo violencia. Los polic\u00edas por la calle violan a las mujeres, es com\u00fan que sufran violencia sexual, no s\u00f3lo de sus maridos sino tambi\u00e9n en la escuela y en todos lados&#8230; Todo esto las empuja a marcharse, tambi\u00e9n por rutas clandestinas, para salvarse. En sus pa\u00edses no hay ninguna seguridad.<\/p>\n\n\n\n<p class=\"wp-block-paragraph\">[Abdou hace una pausa y reflexiona].<\/p>\n\n\n\n<p class=\"wp-block-paragraph\">Ayer mismo conoc\u00ed a una joven guineana de 18 a\u00f1os. Vino al hospital porque se encontraba mal, aunque no tiene documentaci\u00f3n aqu\u00ed. Le gusta mucho jugar al b\u00e1squet. Me contaba como en su pa\u00eds si eres una chica joven te suelen someter a rituales de brujer\u00eda, y que muchas se van ya antes de la mayor\u00eda de edad para evitarlo. Me dijo que tiene amigas de su edad que ya est\u00e1n muertas.<\/p>\n\n\n\n<p class=\"dentro-pregunta wp-block-paragraph\"><strong>Ellas se marchan porque no est\u00e1n a salvo, pero las rutas que emprenden est\u00e1n tambi\u00e9n llenas de peligros&#8230; \u00bfsaben con lo que se pueden encontrar?<\/strong><\/p>\n\n\n\n<p class=\"wp-block-paragraph\">Son muy conscientes de todos los peligros que les depara la ruta. Cuando estaba en Costa de Marfil, seguimos la ruta desde Abiyan a Bamako. En Bamako cog\u00edan el autob\u00fas hasta la frontera Libia. All\u00ed, en el desierto, actualmente est\u00e1 lleno de chicas j\u00f3venes, y chicos tambi\u00e9n, bloqueados, porque no tienen recursos para volver ni para cruzar. Hablan con gente que les promete que les ayudar\u00e1 a cruzar el desierto. Lo aceptan y en muchos casos son secuestradas. Llaman a sus familias y les dicen que sus hijas las tienen ellos y que les deben mandar dinero para liberarlas.<\/p>\n\n\n\n<p class=\"dentro-pregunta wp-block-paragraph\"><strong>\u00bfCu\u00e1l es vuestro trabajo con las mujeres que se encuentran, o pueden encontrarse, en esta situaci\u00f3n?<\/strong><\/p>\n\n\n\n<p class=\"wp-block-paragraph\">Creemos que lo m\u00e1s importante es que se conciencien, tanto ellas como sus familias, para evitar que crucen tanto el desierto como el mar. Cada vez son m\u00e1s las mujeres j\u00f3venes que lo hacen. Cuando a\u00fan son beb\u00e9s, luchamos para que las madres no se salten las citas de las vacunaciones y para que las inscriban en el ayuntamiento y puedan ir a la escuela. Cuando son adolescentes, trabajamos para que contin\u00faen en la escuela, hay una enorme cantidad de ni\u00f1as que deja los estudios para poder ayudar en casa, porque las casan o porque tienen que prostituirse con tal de poder mandar alg\u00fan ingreso a casa. Hacemos cursos de costura, peluquer\u00eda, pintura&#8230; les ense\u00f1amos oficios para que puedan tener un trabajo.<\/p>\n\n\n\n<p class=\"dentro-pregunta wp-block-paragraph\"><strong>Sobre todo trabaj\u00e1is con chicas j\u00f3venes.<\/strong><\/p>\n\n\n\n<p class=\"wp-block-paragraph\">Ellas son las que se van, entre los 17 y los 27 m\u00e1s o menos. Cuando son m\u00e1s mayores no suelen migrar.<\/p>\n\n\n\n<p class=\"dentro-pregunta wp-block-paragraph\"><strong>Desde Cruz Blanca, una organizaci\u00f3n espa\u00f1ola que trabaja para proporcionar una buena acogida a las personas migrantes y en concreto a las mujeres, se considera que el porcentaje de mujeres africanas que llegan a las Islas Canarias y que acaban en redes de trata es del 95%. \u00bfCu\u00e1l es el papel de estas redes en el tr\u00e1nsito de las mujeres?<\/strong><\/p>\n\n\n\n<p class=\"wp-block-paragraph\">La prostituci\u00f3n es clave en el cruce de fronteras. En Kidira, frontera entre Senegal y Mali, cruzar sin papeles es casi imposible. Hay hombres que se les acercan, en silencio, y les dicen que ellos pueden conseguir que pasen, pero a cambio de sexo. Se ven forzadas a hacerlo, porque ya no es solo pasar la frontera, es su supervivencia la que est\u00e1 en juego. Y ellas lo saben ya de antes, son muy conscientes de ello: si su padre las obliga a casarse a los 17 a\u00f1os y se van de casa, ya no pueden volver. Tendr\u00e1n demasiados problemas si vuelven. Entonces, toman todas las precauciones posibles para afrontar este tipo de violencias.<\/p>\n\n\n\n<p class=\"dentro-pregunta wp-block-paragraph\"><strong>\u00bfCu\u00e1nto tiempo suelen estar solas viajando?<\/strong><\/p>\n\n\n\n<p class=\"wp-block-paragraph\">La migraci\u00f3n es un proyecto de vida. La gente que migra ya sabe que tendr\u00e1 que estar seis meses o un a\u00f1o en cada ciudad y cada pueblo antes de poder llegar al siguiente punto. El problema es que, adem\u00e1s, en muchos puntos quedan bloqueadas, porque en algunas fronteras no pueden ni seguir para adelante ni volver atr\u00e1s. Tendr\u00edas que ver lo que sucede en Libia&#8230; son como campos de concentraci\u00f3n. Al final, en el mar hay muchos riesgos, pero desde Senegal acaba siendo m\u00e1s f\u00e1cil sobrevivir a los peligros del mar que a los de la tierra. Y el mar es mucho m\u00e1s r\u00e1pido.<\/p>\n\n\n\n<p class=\"dentro-pregunta wp-block-paragraph\"><strong>Seg\u00fan el estudio realizado por PorCausa \u00bfD\u00f3nde est\u00e1 el dinero? En el per\u00edodo 2015-2018, el 57% (12.500 millones de euros) de la financiaci\u00f3n total de la respuesta a la llegada masiva de refugiados de 2015\/2016 se asign\u00f3 a medidas fuera de la UE\u201d Adem\u00e1s, en el nuevo Pacto sobre Migraci\u00f3n y Asilo, la Comisi\u00f3n Europea refuerza las pol\u00edticas de subcontrataci\u00f3n del control migratorio a pa\u00edses terceros. Estas pol\u00edticas que se esconden tras pactos de \u201ccooperaci\u00f3n al desarrollo\u201d o \u201cseguridad com\u00fan\u201d dificultan la circulaci\u00f3n de los migrantes entre pa\u00edses africanos haciendo sus rutas mucho m\u00e1s peligrosas.<\/strong><\/p>\n\n\n\n<p class=\"wp-block-paragraph\">Yo siempre les recomiendo que, en la medida que puedan, intenten migrar por la v\u00eda legal: conseguir un pasaporte, un visado y todos los documentos. Pero muchas personas no lo consiguen. Creo que ahora estaban pidiendo 4 o 5 millones de francos CFA (6.000 o 7.000 euros) por el visado. Muy poca gente se lo puede permitir, y luego tampoco quieren quedarse. La gente se fija en aquellos casos que han acabado bien y quieren lo mismo para ellos y sus familias.<\/p>\n\n\n\n<p class=\"dentro-pregunta wp-block-paragraph\"><strong>Seg\u00fan la OMS 91,5 millones de mujeres y ni\u00f1as mayores de 9 a\u00f1os en \u00c1frica padecen actualmente las consecuencias de la mutilaci\u00f3n genital femenina y se estima que en \u00c1frica 3 millones de ni\u00f1as corren el riesgo de ser sometidas a la mutilaci\u00f3n genital femenina cada a\u00f1o. Aunque en 1999 el Parlamento de Senegal prohibi\u00f3 por ley la mutilaci\u00f3n genital femenina, \u00bfsigue sucediendo? \u00bfEs tambi\u00e9n una de las causas por las que no pueden volver atr\u00e1s?<\/strong><\/p>\n\n\n\n<p class=\"wp-block-paragraph\">Pasa sobre todo en Guinea y Mali. All\u00ed, los estados no se pronuncian al respecto. Pero por supuesto que la mutilaci\u00f3n genital contin\u00faa pasando. Es muy com\u00fan, tambi\u00e9n en Senegal. Aqu\u00ed, en principio est\u00e1 prohibida, pero en zonas como Kolda es muy com\u00fan, y en muchos pueblos sigue pasando. Cada vez hay m\u00e1s mujeres que luchan contra ello pero el peso de tradici\u00f3n es demasiado fuerte, las bloquea, el tema a\u00fan es tab\u00fa.<\/p>\n\n\n\n<p class=\"wp-block-paragraph\">[Abdou Aziz se levanta un momento para contestar a su hermano, que le informa que la comida estar\u00e1 lista pronto].<\/p>\n\n\n\n<p class=\"wp-block-paragraph\">Yo les digo a mis hijas y a las mujeres con las que trabajo que deben luchar, deben romper ese cristal, porque sino las dejan sin oportunidades.<\/p>\n\n\n\n<figure class=\"wp-block-image size-large is-resized\"><a href=\"https:\/\/fervent-brahmagupta.135-125-119-145.plesk.page\/wp-content\/uploads\/2024\/05\/metge-Dakar_3-scaled-1.jpg\" aria-label=\"Ampliar la imagen: metge-Dakar_3\" data-elementor-open-lightbox=\"yes\" data-elementor-lightbox-slideshow=\"dentro-4169\"><img decoding=\"async\" width=\"1024\" height=\"683\" src=\"https:\/\/fervent-brahmagupta.135-125-119-145.plesk.page\/wp-content\/uploads\/2024\/05\/metge-Dakar_3-scaled-1-1024x683.jpg\" alt=\"\" class=\"wp-image-6808\" style=\"aspect-ratio:1.499267935578331;width:840px;height:auto\" srcset=\"https:\/\/fervent-brahmagupta.135-125-119-145.plesk.page\/wp-content\/uploads\/2024\/05\/metge-Dakar_3-scaled-1-1024x683.jpg 1024w, https:\/\/fervent-brahmagupta.135-125-119-145.plesk.page\/wp-content\/uploads\/2024\/05\/metge-Dakar_3-scaled-1-300x200.jpg 300w, https:\/\/fervent-brahmagupta.135-125-119-145.plesk.page\/wp-content\/uploads\/2024\/05\/metge-Dakar_3-scaled-1-768x512.jpg 768w, https:\/\/fervent-brahmagupta.135-125-119-145.plesk.page\/wp-content\/uploads\/2024\/05\/metge-Dakar_3-scaled-1-1536x1024.jpg 1536w, https:\/\/fervent-brahmagupta.135-125-119-145.plesk.page\/wp-content\/uploads\/2024\/05\/metge-Dakar_3-scaled-1-18x12.jpg 18w, https:\/\/fervent-brahmagupta.135-125-119-145.plesk.page\/wp-content\/uploads\/2024\/05\/metge-Dakar_3-scaled-1-600x400.jpg 600w, https:\/\/fervent-brahmagupta.135-125-119-145.plesk.page\/wp-content\/uploads\/2024\/05\/metge-Dakar_3-scaled-1.jpg 1600w\" sizes=\"(max-width: 1024px) 100vw, 1024px\" \/><\/a><figcaption class=\"wp-element-caption\"><em>Abdou Aziz S\u00e9ne y su mujer en segundo plano mientras prepara la comida I SARA AMINIYAN <\/em><\/figcaption><\/figure>\n\n\n\n<p class=\"dentro-pregunta wp-block-paragraph\"><strong>\u00bfPor qu\u00e9 otros motivos puede emprender la ruta migratoria hacia Europa una mujer senegalesa?<\/strong><\/p>\n\n\n\n<p class=\"wp-block-paragraph\">Muchas mujeres senegalesas tambi\u00e9n se van por motivos econ\u00f3micos. Aqu\u00ed estamos obligados a cuidar de nuestros padres cuando se hacen mayores, pero no hay trabajo. En general, las mujeres que llegan a Europa, o a Mauritania o Marruecos, se dedican a hacer trenzas. Primero para devolver la deuda a qui\u00e9n les ha ayudado a cruzar el mar o el desierto, y luego para mandar dinero a sus familias. En algunos casos, los motivos son los mismos que los motivos de los hombres.<\/p>\n\n\n\n<p class=\"dentro-pregunta wp-block-paragraph\"><strong>\u00bfExiste alg\u00fan tipo de mecanismo legal o pol\u00edtico que ofrezca protecci\u00f3n a las mujeres que sufren violencia, en Senegal?<\/strong><\/p>\n\n\n\n<p class=\"wp-block-paragraph\">S\u00ed que existe, la Association de Femmes Juristes, por ejemplo. Ayuda a las mujeres que son forzadas a casarse, o a las que sufren violencia f\u00edsica por parte de sus maridos. Nosotros tambi\u00e9n lo hacemos, en colaboraci\u00f3n con los ayuntamientos de cada pueblo y los imanes, pero es dif\u00edcil porque ellas no se acercan a denunciarlo. Tenemos que identificar nosotros estas violencias, por eso creemos que es importante que le dediquemos muchos esfuerzos a la sensibilizaci\u00f3n. En la \u00faltima encuesta que hicimos junto con Unicef, en diferentes escuelas pudimos confirmar que un alto porcentaje de las ni\u00f1as que contestaron sufr\u00edan abusos dentro de sus propias escuelas, de otros chicos, del profesor o dentro de sus propias familias. Hay much\u00edsimas ni\u00f1as j\u00f3venes que acaban abandonando sus estudios por toda la violencia que reciben.<\/p>\n\n\n\n<p class=\"has-small-font-size dentro-pregunta wp-block-paragraph\"><strong>Pieza originalmente publicada en <a href=\"https:\/\/www.elsaltodiario.com\/senegal\/abdou-aziz-medico-comunitario-dakar-miedo-matrimonio-forzoso-jovenes-migracion-clandestina\" target=\"_blank\" rel=\"noreferrer noopener\">El Salto<\/a><\/strong><\/p>\n\n\n\n<p class=\"wp-block-paragraph\"><a href=\"https:\/\/www.elsaltodiario.com\/migracion\/mujeres-migrantes-entre-racismo-patriarcado\" target=\"_blank\" rel=\"noreferrer noopener\"><\/a><\/p>\n","protected":false},"excerpt":{"rendered":"<p>El incremento de mujeres africanas que emprenden rutas migratorias est\u00e1 fuertemente marcado por violencias machistas en todo su recorrido.<\/p>","protected":false},"author":2,"featured_media":2335,"comment_status":"closed","ping_status":"closed","sticky":false,"template":"","format":"standard","meta":{"footnotes":""},"categories":[117],"tags":[],"destacado":[],"region":[132],"ppma_author":[31],"class_list":["post-4169","post","type-post","status-publish","format-standard","has-post-thumbnail","hentry","category-perfiles","region-africa"],"acf":[],"authors":[{"term_id":31,"user_id":2,"is_guest":0,"slug":"martina-madaula","display_name":"Martina Madaula","avatar_url":"https:\/\/fervent-brahmagupta.135-125-119-145.plesk.page\/wp-content\/uploads\/2024\/04\/Yemaya_8-scaled-1-100x100.jpg","user_url":"","first_name":"Martina","last_name":"Madaula","description":"Antrop\u00f2loga. Doctoranda per a la Universitat de Barcelona sobre les superviv\u00e8ncies de les dones migrants al sud de M\u00e8xic. Treballant dins el m\u00f3n de la cooperaci\u00f3."}],"_links":{"self":[{"href":"https:\/\/fervent-brahmagupta.135-125-119-145.plesk.page\/ca\/wp-json\/wp\/v2\/posts\/4169","targetHints":{"allow":["GET"]}}],"collection":[{"href":"https:\/\/fervent-brahmagupta.135-125-119-145.plesk.page\/ca\/wp-json\/wp\/v2\/posts"}],"about":[{"href":"https:\/\/fervent-brahmagupta.135-125-119-145.plesk.page\/ca\/wp-json\/wp\/v2\/types\/post"}],"author":[{"embeddable":true,"href":"https:\/\/fervent-brahmagupta.135-125-119-145.plesk.page\/ca\/wp-json\/wp\/v2\/users\/2"}],"replies":[{"embeddable":true,"href":"https:\/\/fervent-brahmagupta.135-125-119-145.plesk.page\/ca\/wp-json\/wp\/v2\/comments?post=4169"}],"version-history":[{"count":2,"href":"https:\/\/fervent-brahmagupta.135-125-119-145.plesk.page\/ca\/wp-json\/wp\/v2\/posts\/4169\/revisions"}],"predecessor-version":[{"id":10688,"href":"https:\/\/fervent-brahmagupta.135-125-119-145.plesk.page\/ca\/wp-json\/wp\/v2\/posts\/4169\/revisions\/10688"}],"wp:featuredmedia":[{"embeddable":true,"href":"https:\/\/fervent-brahmagupta.135-125-119-145.plesk.page\/ca\/wp-json\/wp\/v2\/media\/2335"}],"wp:attachment":[{"href":"https:\/\/fervent-brahmagupta.135-125-119-145.plesk.page\/ca\/wp-json\/wp\/v2\/media?parent=4169"}],"wp:term":[{"taxonomy":"category","embeddable":true,"href":"https:\/\/fervent-brahmagupta.135-125-119-145.plesk.page\/ca\/wp-json\/wp\/v2\/categories?post=4169"},{"taxonomy":"post_tag","embeddable":true,"href":"https:\/\/fervent-brahmagupta.135-125-119-145.plesk.page\/ca\/wp-json\/wp\/v2\/tags?post=4169"},{"taxonomy":"destacado","embeddable":true,"href":"https:\/\/fervent-brahmagupta.135-125-119-145.plesk.page\/ca\/wp-json\/wp\/v2\/destacado?post=4169"},{"taxonomy":"region","embeddable":true,"href":"https:\/\/fervent-brahmagupta.135-125-119-145.plesk.page\/ca\/wp-json\/wp\/v2\/region?post=4169"},{"taxonomy":"author","embeddable":true,"href":"https:\/\/fervent-brahmagupta.135-125-119-145.plesk.page\/ca\/wp-json\/wp\/v2\/ppma_author?post=4169"}],"curies":[{"name":"wp","href":"https:\/\/api.w.org\/{rel}","templated":true}]}}