{"id":5204,"date":"2024-01-12T16:47:47","date_gmt":"2024-01-12T16:47:47","guid":{"rendered":"https:\/\/fervent-brahmagupta.135-125-119-145.plesk.page\/?p=5204"},"modified":"2026-08-17T11:56:19","modified_gmt":"2026-08-17T11:56:19","slug":"la-enfermera-guineana-que-dejo-de-mutilar-a-ninas-en-un-entorno-donde-todo-el-mundo-hace-una-cosa-es-muy-complicado-no-hacer-lo-mismo","status":"publish","type":"post","link":"https:\/\/fervent-brahmagupta.135-125-119-145.plesk.page\/ca\/la-enfermera-guineana-que-dejo-de-mutilar-a-ninas-en-un-entorno-donde-todo-el-mundo-hace-una-cosa-es-muy-complicado-no-hacer-lo-mismo\/","title":{"rendered":"La infermera guineana que va deixar de mutilar a nenes: \u201cEn un entorn on tothom fa una cosa, \u00e9s molt complicat no fer el mateix\u201d"},"content":{"rendered":"\n<p class=\"wp-block-paragraph\" style=\"font-size:14px\"><em><sub>Lab\u00e9 (Guinea) <\/sub><\/em> <\/p>\n\n\n\n<p class=\"wp-block-paragraph\">Dj\u00e9nabou B\u00e9lla Diallo aprendi\u00f3 a mutilar los genitales de las ni\u00f1as durante las pr\u00e1cticas universitarias de enfermer\u00eda, en una cl\u00ednica privada de la ciudad de Lab\u00e9, en el centro oeste de\u00a0<a href=\"https:\/\/elpais.com\/noticias\/conakry\/\" target=\"_blank\" rel=\"noreferrer noopener\">Guinea-Conakry<\/a>. \u201cHay mucha presi\u00f3n social. Todas las generaciones pasadas lo hac\u00edan, absolutamente todas las mujeres estaban mutiladas. En un entorno donde todo el mundo hace una cosa, es muy complicado no hacer lo mismo\u201d, explica.<\/p>\n\n\n\n<p class=\"wp-block-paragraph\">Diallo, de 35 a\u00f1os, y que tambi\u00e9n sufri\u00f3 la ablaci\u00f3n de ni\u00f1a, habla de su trabajo practicando mutilaci\u00f3n genital femenina (MGF) de manera m\u00e1s bien introvertida, aunque respondiendo todas las preguntas. \u201cEn la cl\u00ednica paramos de mutilar a las peque\u00f1as cuando comprendimos los da\u00f1os f\u00edsicos y ps\u00edquicos que causa, y empezamos a dar formaciones para frenar esta violencia de g\u00e9nero\u201d, recuerda. <strong>Hace dos a\u00f1os que dej\u00f3 de practicar la ablaci\u00f3n para trabajar como matrona en un centro de salud p\u00fablico en el distrito de Pelel, cerca de Lab\u00e9<\/strong>, a su vez el epicentro comercial y capital de una de las ocho regiones en las que se divide Guinea. Desde 2021, una junta militar gobierna este pa\u00eds de 14 millones de habitantes, donde m\u00e1s del 41% de la poblaci\u00f3n es menor de 14 a\u00f1os seg\u00fan el\u00a0<a href=\"https:\/\/www.unfpa.org\/es\" target=\"_blank\" rel=\"noreferrer noopener\">Fondo de Poblaci\u00f3n de las Naciones Unidas<\/a>.<\/p>\n\n\n\n<figure class=\"wp-block-image alignright size-large\"><a href=\"https:\/\/fervent-brahmagupta.135-125-119-145.plesk.page\/wp-content\/uploads\/2024\/05\/zona-rural-Guinea-scaled-1.jpg\" aria-label=\"Ampliar la imagen: zona-rural-Guinea-\" data-elementor-open-lightbox=\"yes\" data-elementor-lightbox-slideshow=\"dentro-5204\"><img fetchpriority=\"high\" decoding=\"async\" width=\"1024\" height=\"683\" src=\"https:\/\/fervent-brahmagupta.135-125-119-145.plesk.page\/wp-content\/uploads\/2024\/05\/zona-rural-Guinea-scaled-1-1024x683.jpg\" alt=\"\" class=\"wp-image-6826\" srcset=\"https:\/\/fervent-brahmagupta.135-125-119-145.plesk.page\/wp-content\/uploads\/2024\/05\/zona-rural-Guinea-scaled-1-1024x683.jpg 1024w, https:\/\/fervent-brahmagupta.135-125-119-145.plesk.page\/wp-content\/uploads\/2024\/05\/zona-rural-Guinea-scaled-1-300x200.jpg 300w, https:\/\/fervent-brahmagupta.135-125-119-145.plesk.page\/wp-content\/uploads\/2024\/05\/zona-rural-Guinea-scaled-1-768x512.jpg 768w, https:\/\/fervent-brahmagupta.135-125-119-145.plesk.page\/wp-content\/uploads\/2024\/05\/zona-rural-Guinea-scaled-1-1536x1024.jpg 1536w, https:\/\/fervent-brahmagupta.135-125-119-145.plesk.page\/wp-content\/uploads\/2024\/05\/zona-rural-Guinea-scaled-1-18x12.jpg 18w, https:\/\/fervent-brahmagupta.135-125-119-145.plesk.page\/wp-content\/uploads\/2024\/05\/zona-rural-Guinea-scaled-1-600x400.jpg 600w, https:\/\/fervent-brahmagupta.135-125-119-145.plesk.page\/wp-content\/uploads\/2024\/05\/zona-rural-Guinea-scaled-1.jpg 1600w\" sizes=\"(max-width: 1024px) 100vw, 1024px\" \/><\/a><figcaption class=\"wp-element-caption\"><em>En el pueblo de Missira, un ni\u00f1o saca agua del pozo<\/em>. | <em>Sara Aminiyan<\/em><\/figcaption><\/figure>\n\n\n\n<p class=\"wp-block-paragraph\">La mutilaci\u00f3n genital femenina o ablaci\u00f3n del cl\u00edtoris de ni\u00f1as se practica mayoritariamente en pa\u00edses en \u00c1frica y Oriente Medio, a pesar de\u00a0<a href=\"https:\/\/elpais.com\/elpais\/2018\/02\/05\/planeta_futuro\/1517827699_146685.html\" target=\"_blank\" rel=\"noreferrer noopener\">estar prohibida<\/a>\u00a0en muchos de ellos. Al menos\u00a0<a href=\"https:\/\/data.unicef.org\/topic\/child-protection\/female-genital-mutilation\/\" target=\"_blank\" rel=\"noreferrer noopener\">200 millones de ni\u00f1as y mujeres<\/a>\u00a0vivas hoy en 31 pa\u00edses han sido sometidas a ella, seg\u00fan datos de Unicef. En general, dice este organismo, la pr\u00e1ctica ha ido disminuyendo en las \u00faltimas tres d\u00e9cadas. No es el caso de <strong>Guinea-Conakry, que es el segundo pa\u00eds del mundo, despu\u00e9s de Somalia, donde m\u00e1s ni\u00f1as y mujeres sufren esta forma de violencia de g\u00e9nero<\/strong>: el\u00a0<a href=\"https:\/\/www.equalitynow.org\/fgm_in_africa\/\" target=\"_blank\" rel=\"noreferrer noopener\">95%<\/a>\u00a0de ellas, seg\u00fan la organizaci\u00f3n feminista Equality Now.<\/p>\n\n\n\n<pre class=\"wp-block-verse has-text-align-left\">En la cl\u00ednica En la cl\u00ednica paramos de mutilar a las peque\u00f1as cuando comprendimos los da\u00f1os f\u00edsicos y ps\u00edquicos que causa, y empezamos a dar formaciones para frenar esta violencia de g\u00e9nero<\/pre>\n\n\n\n<p class=\"has-black-color has-text-color wp-block-paragraph\">\u00abEn nuestro caso [en la cl\u00ednica], solo cort\u00e1bamos un trozo de cl\u00edtoris\u201d, rememora Diallo. \u201cAunque hay m\u00e1s tipos de MGF. El tipo m\u00e1s extendido en Guinea, sobre todo en las zonas rurales, es el tipo tres, en el que se corta el cl\u00edtoris, los nervios mayores y los labios superiores. En las cl\u00ednicas privadas se practica con los utensilios sanitarios. Si no, se hace con tijeras, c\u00fater o cuchillos, muy com\u00fan en las zonas rurales\u201d. Aissatou Diallo, activista feminista guineana afincada en Barcelona, a\u00f1ade que esta pr\u00e1ctica no tiene una relaci\u00f3n directa con la religi\u00f3n. \u201cSe mutila a ni\u00f1as musulmanas, cat\u00f3licas y animistas\u201d, afirma. <\/p>\n\n\n\n<p class=\"has-black-color has-text-color wp-block-paragraph\">Cada mes, la enfermera Diallo mutilaba a dos ni\u00f1as de entre cinco y seis a\u00f1os, aproximadamente, por 50.000 francos guineanos (unos cinco euros y medio). <strong>En Guinea, el porcentaje de familias que mutilan a sus hijas en cl\u00ednicas privadas es muy bajo, ya que no toda la poblaci\u00f3n se lo puede permitir<\/strong>, apunta. \u201cExiste lo que se llaman las mutiladoras comunitarias, que van por los pueblos rurales, y a cambio de poco dinero, se ofrecen a ejercer la MGF. En estos casos, no mutilan a las ni\u00f1as dentro de casa, sino que se las llevan y las mutilan en medio del bosque, por ejemplo\u201d.<\/p>\n\n\n\n<pre class=\"wp-block-verse has-text-align-left\">Cada mes, la enfermera Diallo mutilaba a dos ni\u00f1as de entre cinco y seis a\u00f1os, aproximadamente, por 50.000 francos guineanos (unos cinco euros y medio)<\/pre>\n\n\n\n<p class=\"wp-block-paragraph\"><\/p>\n\n\n\n<p class=\"wp-block-paragraph\">Las consecuencias de la MGF son variadas: traumas psicol\u00f3gicos, complicaciones graves a la hora de dar a luz y privaci\u00f3n del placer sexual. \u201cEs una pr\u00e1ctica machista, que se utiliza para hacer m\u00e1s vulnerables a las mujeres ya desde peque\u00f1as\u201d, subraya Aissatou Diallo. \u201cEs una herramienta de dominaci\u00f3n, para debilitarnos\u201d, dice esta mujer, cuyo hermano est\u00e1 casado con la enfermera Dj\u00e9nabou Diallo y que ejerce como presidenta de\u00a0<a href=\"https:\/\/ahcama.org\/\" target=\"_blank\" rel=\"noreferrer noopener\">AHCAMA<\/a>, una asociaci\u00f3n que trabaja contra la violencia machista.<\/p>\n\n\n\n<p class=\"wp-block-paragraph\">Dj\u00e9nabou Diallo asegura que cada vez hay m\u00e1s mujeres, sobre todo de su generaci\u00f3n, que se niegan a practicar la MGF a sus hijas. Y reconoce que <strong>una estrategia bastante popular es disimular y afirmar que las ni\u00f1as han cumplido con el rito, sin que sea verdad<\/strong>. \u201cHasta ellas creen que lo est\u00e1n, y de mayores descubren que no\u201d, admite. Cuando se le pregunta por su propia hija, Diallo responde r\u00e1pido: \u201cA ella no la vamos a mutilar\u201d.<\/p>\n\n\n\n<p class=\"wp-block-paragraph\">La pr\u00e1ctica de la MGF no es el \u00fanico problema que enfrentan las guineanas. <strong>Apenas el 31% de las mujeres del pa\u00eds estaban alfabetizadas en 2021<\/strong>, seg\u00fan datos del Banco Mundial, y el acceso a la sanidad o a recursos b\u00e1sicos como el agua potable son muy escasos o nulos, detalla Boubacar Sylla, de la ONG guineana\u00a0<a href=\"https:\/\/m.facebook.com\/ClubDesAmisDuMonde\/\" target=\"_blank\" rel=\"noreferrer noopener\">Club des Amis du Monde<\/a>\u00a0(CAM). La situaci\u00f3n es especialmente dura en las zonas rurales, donde hoy vive aproximadamente el\u00a0<a href=\"https:\/\/data.worldbank.org\/indicator\/SP.RUR.TOTL.ZS?most_recent_value_desc=false\" target=\"_blank\" rel=\"noreferrer noopener\">62%<\/a>\u00a0de la poblaci\u00f3n guineana.<\/p>\n\n\n\n<p class=\"wp-block-paragraph\">A la MGF se le suman otros problemas, como los matrimonios forzados y precoces de ni\u00f1as. En 2021, el 47% de mujeres en Guinea se casaron antes de cumplir los 18 a\u00f1os, seg\u00fan un&nbsp;<a href=\"https:\/\/www.uab.cat\/doc\/MatForc01\" target=\"_blank\" rel=\"noreferrer noopener\">estudio<\/a> de la Fundaci\u00f3n Wassu-UAB, de la Universidad Aut\u00f3noma de Barcelona, que conclu\u00eda que una comunidad que legitima la MGF es m\u00e1s probable que, a su vez, conduzca a sus hijos e hijas a contraer matrimonios forzados.<\/p>\n\n\n\n<p class=\"has-small-font-size wp-block-paragraph\">Art\u00edculo publicado orginariamente en <a href=\"https:\/\/elpais.com\/planeta-futuro\/2023-12-22\/la-enfermera-guineana-que-dejo-de-mutilar-a-ninas-en-un-entorno-donde-todo-el-mundo-hace-una-cosa-es-muy-complicado-no-hacer-lo-mismo.html\" target=\"_blank\" rel=\"noreferrer noopener\">Planeta Futuro<\/a> <\/p>\n","protected":false},"excerpt":{"rendered":"<p>Lab\u00e9 (Guinea) Dj\u00e9nabou B\u00e9lla Diallo aprendi\u00f3 a mutilar los genitales de las ni\u00f1as durante las pr\u00e1cticas universitarias de enfermer\u00eda, en una cl\u00ednica privada de la ciudad de Lab\u00e9, en el centro oeste de\u00a0Guinea-Conakry. \u201cHay mucha presi\u00f3n social. Todas las generaciones pasadas lo hac\u00edan, absolutamente todas las mujeres estaban mutiladas. En un entorno donde todo el [&hellip;]<\/p>\n","protected":false},"author":5,"featured_media":5206,"comment_status":"closed","ping_status":"closed","sticky":false,"template":"","format":"standard","meta":{"footnotes":""},"categories":[117],"tags":[],"destacado":[],"region":[132],"ppma_author":[32,30],"class_list":["post-5204","post","type-post","status-publish","format-standard","has-post-thumbnail","hentry","category-perfiles","region-africa"],"acf":[],"authors":[{"term_id":32,"user_id":5,"is_guest":0,"slug":"sara-aminiyan","display_name":"Sara Aminiyan","avatar_url":{"url":"https:\/\/fervent-brahmagupta.135-125-119-145.plesk.page\/wp-content\/uploads\/2024\/04\/s-e1713375288904.jpg","url2x":"https:\/\/fervent-brahmagupta.135-125-119-145.plesk.page\/wp-content\/uploads\/2024\/04\/s-e1713375288904.jpg"},"user_url":"","first_name":"Sara","last_name":"Aminiyan","description":"Periodista y fot\u00f3grafa especializada en g\u00e9nero y migraciones. Ha publicado en El Salto, El Publico, La Marea, Catalunya Plural, La Directa y L'Ara."},{"term_id":30,"user_id":4,"is_guest":0,"slug":"anna-enrech","display_name":"Anna Enrech","avatar_url":"https:\/\/fervent-brahmagupta.135-125-119-145.plesk.page\/wp-content\/uploads\/2024\/04\/Yemaya_1-scaled-1-100x100.jpg","user_url":"","first_name":"Anna","last_name":"Enrech","description":"Periodista. Treballant en tem\u00e0tiques internacionals, sobre conflictes armats i drets humans. Alterna el periodisme freelance amb la comunicaci\u00f3 d'entitats del tercer sector."}],"_links":{"self":[{"href":"https:\/\/fervent-brahmagupta.135-125-119-145.plesk.page\/ca\/wp-json\/wp\/v2\/posts\/5204","targetHints":{"allow":["GET"]}}],"collection":[{"href":"https:\/\/fervent-brahmagupta.135-125-119-145.plesk.page\/ca\/wp-json\/wp\/v2\/posts"}],"about":[{"href":"https:\/\/fervent-brahmagupta.135-125-119-145.plesk.page\/ca\/wp-json\/wp\/v2\/types\/post"}],"author":[{"embeddable":true,"href":"https:\/\/fervent-brahmagupta.135-125-119-145.plesk.page\/ca\/wp-json\/wp\/v2\/users\/5"}],"replies":[{"embeddable":true,"href":"https:\/\/fervent-brahmagupta.135-125-119-145.plesk.page\/ca\/wp-json\/wp\/v2\/comments?post=5204"}],"version-history":[{"count":3,"href":"https:\/\/fervent-brahmagupta.135-125-119-145.plesk.page\/ca\/wp-json\/wp\/v2\/posts\/5204\/revisions"}],"predecessor-version":[{"id":10344,"href":"https:\/\/fervent-brahmagupta.135-125-119-145.plesk.page\/ca\/wp-json\/wp\/v2\/posts\/5204\/revisions\/10344"}],"wp:featuredmedia":[{"embeddable":true,"href":"https:\/\/fervent-brahmagupta.135-125-119-145.plesk.page\/ca\/wp-json\/wp\/v2\/media\/5206"}],"wp:attachment":[{"href":"https:\/\/fervent-brahmagupta.135-125-119-145.plesk.page\/ca\/wp-json\/wp\/v2\/media?parent=5204"}],"wp:term":[{"taxonomy":"category","embeddable":true,"href":"https:\/\/fervent-brahmagupta.135-125-119-145.plesk.page\/ca\/wp-json\/wp\/v2\/categories?post=5204"},{"taxonomy":"post_tag","embeddable":true,"href":"https:\/\/fervent-brahmagupta.135-125-119-145.plesk.page\/ca\/wp-json\/wp\/v2\/tags?post=5204"},{"taxonomy":"destacado","embeddable":true,"href":"https:\/\/fervent-brahmagupta.135-125-119-145.plesk.page\/ca\/wp-json\/wp\/v2\/destacado?post=5204"},{"taxonomy":"region","embeddable":true,"href":"https:\/\/fervent-brahmagupta.135-125-119-145.plesk.page\/ca\/wp-json\/wp\/v2\/region?post=5204"},{"taxonomy":"author","embeddable":true,"href":"https:\/\/fervent-brahmagupta.135-125-119-145.plesk.page\/ca\/wp-json\/wp\/v2\/ppma_author?post=5204"}],"curies":[{"name":"wp","href":"https:\/\/api.w.org\/{rel}","templated":true}]}}