{"id":8703,"date":"2025-10-02T06:00:00","date_gmt":"2025-10-02T06:00:00","guid":{"rendered":"https:\/\/fervent-brahmagupta.135-125-119-145.plesk.page\/?p=8703"},"modified":"2026-08-21T11:51:45","modified_gmt":"2026-08-21T11:51:45","slug":"aun-hay-sillas-que-les-esperan-la-lucha-de-las-mujeres-libanesas-por-encontrar-a-sus-desaparecidos-de-la-guerra-civil","status":"publish","type":"post","link":"https:\/\/fervent-brahmagupta.135-125-119-145.plesk.page\/ca\/aun-hay-sillas-que-les-esperan-la-lucha-de-las-mujeres-libanesas-por-encontrar-a-sus-desaparecidos-de-la-guerra-civil\/","title":{"rendered":"Encara hi ha cadires que els esperen: la lluita de les dones libaneses per trobar als seus desapareguts de la guerra civil"},"content":{"rendered":"\n<p class=\"wp-block-paragraph\">En la memoria del L\u00edbano, hay vac\u00edos enormes. Huecos de la historia compartida que no se hablan, no se pregonan, no se recuerdan. Son momentos, masacres, tragedias que s\u00f3lo se conservan en la intimidad de los hogares. Algunos est\u00e1n sepultados bajo tierra. Otros han conseguido salir a la superficie s\u00f3lo para ser ignorados por gran parte de la sociedad. Pero no toda. <strong>En el L\u00edbano, los grandes vac\u00edos en la memoria los llenan las mujeres<\/strong>. Recuerdan, gritan, hablan para hacer m\u00e1s llevaderas las ausencias. Ellas acarrean el duelo, pero tambi\u00e9n el recuerdo. Atesoran entre sus manos el pasado para evitar que se repita.<\/p>\n\n\n\n<p class=\"wp-block-paragraph\">Medio siglo ha pasado desde que el pa\u00eds se enfrasc\u00f3 en una larga guerra civil. Tres lustros de matanzas entre sectas religiosas, avivadas por poderes extranjeros vecinos, como Siria o Israel. La presencia de cientos de miles de refugiados palestinos y sus milicias en suelo liban\u00e9s desat\u00f3 la animadversi\u00f3n de los cristianos libaneses. Un primer atentado contra un autob\u00fas lleno de personas refugiadas palestinas prendi\u00f3 la mecha de la violencia que se extendi\u00f3 a trav\u00e9s de todas las comunidades del pa\u00eds. Durante estos 15 a\u00f1os de suspensi\u00f3n del tiempo, <strong>entre 1975 y 1990, desaparecieron decenas de miles de personas<\/strong>. Muchas aparecieron a las pocas horas, d\u00edas, semanas. Volvieron por su propio pie a casa o las hallaron muertas en alguna cuneta. Otras pocas retornaron al cabo de unos a\u00f1os, tras en\u00e9simas jornadas de tortura en c\u00e1rceles sirias o libanesas. <strong>Pero, seg\u00fan el gobierno liban\u00e9s, hay 17.415 que nunca volvieron<\/strong>.<\/p>\n\n\n\n<p class=\"wp-block-paragraph\">Sin embargo, esto no ha implicado que las hayan dejado de buscar. Sus madres, sus hermanas, sus hijas, sus nietas, o sus esposas son quienes se encargan de remover cielo y tierra para encontrarlas. \u201cLa mayor\u00eda de los desaparecidos, m\u00e1s del 90%, eran hombres\u201d, se\u00f1ala Nour el Bejjani, jefa de programas en el L\u00edbano del Centro Internacional para la Justicia Transicional. \u201cEs una lucha liderada por mujeres, por estas mujeres que se quedaron sin sus esposos, padres ni hijos\u201d, cuenta a Yemay\u00e1 Revista. Al frente de todas estas mujeres, est\u00e1 Wadad Halwani.<\/p>\n\n\n\n<pre class=\"wp-block-verse has-text-align-left\">Medio siglo ha pasado desde que el L\u00edbano se enfrasc\u00f3 en una larga guerra civil. Tres lustros de matanzas entre sectas religiosas, avivadas por poderes extranjeros vecinos, como Siria o Israel<\/pre>\n\n\n\n<p class=\"wp-block-paragraph\">Una tarde de septiembre de 1982, dos hombres armados irrumpieron en su casa en Beirut. Pod\u00edan ser oficiales de paisano o miembros de alguna milicia. Buscaban a su marido y padre de sus hijos, Adnan. \u201cLe traeremos de vuelta en cinco minutos\u201d, le dijeron, cuando sigui\u00f3 a los dos hombres hasta la puerta de su casa mientras se llevaban a Adnan. No le ha vuelto a ver desde entonces. Llevada por la desesperaci\u00f3n, Wadad llam\u00f3 a todas las puertas. En cada una de ellas, hall\u00f3 compasi\u00f3n, pero ninguna soluci\u00f3n. \u201cLos funcionarios a\u00f1ad\u00edan: \u201cotras han pasado por lo mismo, muchas han presentado denuncias\u201d, aunque segu\u00eda pensando \u00bfqui\u00e9nes son esas otras?\u201d, cuenta Halwani, desde su despacho en la capital libanesa.<\/p>\n\n\n\n<figure class=\"wp-block-image size-large wp-duotone-unset-1\"><a href=\"https:\/\/fervent-brahmagupta.135-125-119-145.plesk.page\/wp-content\/uploads\/2025\/09\/Wadad-Halwani-y-Ferdos-Agha.jpg\" aria-label=\"Ampliar la imagen: Wadad Halwani y Ferdos Agha\" data-elementor-open-lightbox=\"yes\" data-elementor-lightbox-slideshow=\"dentro-8703\"><img fetchpriority=\"high\" decoding=\"async\" width=\"1024\" height=\"683\" src=\"https:\/\/fervent-brahmagupta.135-125-119-145.plesk.page\/wp-content\/uploads\/2025\/09\/Wadad-Halwani-y-Ferdos-Agha-1024x683.jpg\" alt=\"\" class=\"wp-image-8718\" srcset=\"https:\/\/fervent-brahmagupta.135-125-119-145.plesk.page\/wp-content\/uploads\/2025\/09\/Wadad-Halwani-y-Ferdos-Agha-1024x683.jpg 1024w, https:\/\/fervent-brahmagupta.135-125-119-145.plesk.page\/wp-content\/uploads\/2025\/09\/Wadad-Halwani-y-Ferdos-Agha-300x200.jpg 300w, https:\/\/fervent-brahmagupta.135-125-119-145.plesk.page\/wp-content\/uploads\/2025\/09\/Wadad-Halwani-y-Ferdos-Agha-768x512.jpg 768w, https:\/\/fervent-brahmagupta.135-125-119-145.plesk.page\/wp-content\/uploads\/2025\/09\/Wadad-Halwani-y-Ferdos-Agha-18x12.jpg 18w, https:\/\/fervent-brahmagupta.135-125-119-145.plesk.page\/wp-content\/uploads\/2025\/09\/Wadad-Halwani-y-Ferdos-Agha-600x400.jpg 600w, https:\/\/fervent-brahmagupta.135-125-119-145.plesk.page\/wp-content\/uploads\/2025\/09\/Wadad-Halwani-y-Ferdos-Agha.jpg 1066w\" sizes=\"(max-width: 1024px) 100vw, 1024px\" \/><\/a><figcaption class=\"wp-element-caption\"><em>Wadad Halwani y Ferdoss Agha<\/em>.&nbsp;| Andrea L\u00f3pez-Tom\u00e0s<\/figcaption><\/figure>\n\n\n\n<p class=\"wp-block-paragraph\">Tras varias semanas de movilizaci\u00f3n individual, Halwani fue m\u00e1s all\u00e1. \u201cUn d\u00eda, llam\u00e9 a una emisora \u200b\u200bde radio y ped\u00ed a todas las que hab\u00edan perdido a un ser querido en la guerra que se reunieran\u201d, rememora como si fuera ayer. \u201cEn ese encuentro, que tuvo lugar exactamente dos meses despu\u00e9s del secuestro de Adnan, acudieron cientos de mujeres, muchas con sus hijas, y fue una gran conmoci\u00f3n ver cu\u00e1ntas personas hab\u00edan sido perjudicadas por la guerra\u201d, recuerda. \u201cYo perd\u00ed a mi marido y el padre de mis hijos, otras perdieron a sus hijos y sus hermanos, pero todas est\u00e1bamos all\u00ed aquel d\u00eda de noviembre, y decidimos que ten\u00edamos que hacer algo: no pod\u00edamos quedarnos calladas llorando en nuestras casas\u201d, constata.<\/p>\n\n\n\n<p class=\"wp-block-paragraph\">De aquel encuentro, naci\u00f3 el Comit\u00e9 de las Familias de los Desaparecidos y Secuestrados del L\u00edbano (CFDKL, por sus siglas en ingl\u00e9s). Este a\u00f1o cumplir\u00e1n 43 oto\u00f1os movilizadas. \u201cLa primera manifestaci\u00f3n fue violentamente reprimida debido al estado de emergencia vigente en ese momento [durante la guerra], que prohib\u00eda las reuniones p\u00fablicas, pero est\u00e1bamos decididas\u201d, afirma Halwani. En el comit\u00e9, hay mujeres de todo tipo. La causa de las ausencias forzosas, el desgarro de la silla vac\u00eda en miles de mesas alrededor del pa\u00eds ha atravesado a personas de todas las sectas religiosas, de todas las ideolog\u00edas y las afiliaciones pol\u00edticas.&nbsp;<\/p>\n\n\n\n<pre class=\"wp-block-verse has-text-align-left\">\"Queremos el derecho a saber, queremos saber el paradero de nuestros seres queridos\"  <\/pre>\n\n\n\n<p class=\"wp-block-paragraph\">Igual que todos han sido afectados, todos est\u00e1n salpicados por estos cr\u00edmenes. \u201cAl acabar la guerra, <strong>en 1991, se aprob\u00f3 una ley de amnist\u00eda que proporcion\u00f3 amnist\u00eda a los perpetradores de los cr\u00edmenes cometidos antes de ese a\u00f1o<\/strong>\u201d, explica el Bejjani. \u201cHubo algunas excepciones a esta amnist\u00eda, como el delito de secuestro, porque es un delito continuo\u201d, a\u00f1ade. Sin embargo, la mayor\u00eda de estas mujeres no han acudido a las cortes judiciales para resolver los interrogantes que rodean a sus seres queridos. \u201cMuy pocas familias se han dirigido al poder judicial por la falta de confianza en \u00e9l, por temor a que esto afectara la b\u00fasqueda de su ser querido, ya que el perpetrador, desde su posici\u00f3n de poder, podr\u00eda obstaculizar a\u00fan m\u00e1s su b\u00fasqueda\u201d, afirma el Bejjani.<\/p>\n\n\n\n<p class=\"wp-block-paragraph\">\u201cDe hecho, las familias, hasta el d\u00eda de hoy, insisten en que lo que quieren es descubrir el paradero de la persona desaparecida, y no quieren ninguna responsabilidad penal\u201d, apunta. \u201cQueremos el derecho a saber, queremos saber el paradero de nuestros seres queridos\u201d, es lo que piden mujeres como Wadad Halwani o Ferdoss Agha. Esta mujer oriunda de Sid\u00f3n, una ciudad costera del sur del L\u00edbano, nunca logr\u00f3 conocer a su padre. Apenas ten\u00eda dos a\u00f1os y medio cuando hicieron desaparecer a Nazih, un simple pescador. \u201cNo ten\u00eda ninguna afiliaci\u00f3n pol\u00edtica ni nada, y desapareci\u00f3; han pasado 43 a\u00f1os y no sabemos nada de \u00e9l\u201d, afirma desde la oficina del CFDKL.<\/p>\n\n\n\n<figure class=\"wp-block-image size-large wp-duotone-unset-2\"><a href=\"https:\/\/fervent-brahmagupta.135-125-119-145.plesk.page\/wp-content\/uploads\/2025\/09\/Ferdos-Agha-con-una-imagen-de-su-padre.jpg\" aria-label=\"Ampliar la imagen: Ferdos Agha, con una imagen de su padre\" data-elementor-open-lightbox=\"yes\" data-elementor-lightbox-slideshow=\"dentro-8703\"><img decoding=\"async\" width=\"1024\" height=\"683\" src=\"https:\/\/fervent-brahmagupta.135-125-119-145.plesk.page\/wp-content\/uploads\/2025\/09\/Ferdos-Agha-con-una-imagen-de-su-padre-1024x683.jpg\" alt=\"\" class=\"wp-image-8717\" srcset=\"https:\/\/fervent-brahmagupta.135-125-119-145.plesk.page\/wp-content\/uploads\/2025\/09\/Ferdos-Agha-con-una-imagen-de-su-padre-1024x683.jpg 1024w, https:\/\/fervent-brahmagupta.135-125-119-145.plesk.page\/wp-content\/uploads\/2025\/09\/Ferdos-Agha-con-una-imagen-de-su-padre-300x200.jpg 300w, https:\/\/fervent-brahmagupta.135-125-119-145.plesk.page\/wp-content\/uploads\/2025\/09\/Ferdos-Agha-con-una-imagen-de-su-padre-768x512.jpg 768w, https:\/\/fervent-brahmagupta.135-125-119-145.plesk.page\/wp-content\/uploads\/2025\/09\/Ferdos-Agha-con-una-imagen-de-su-padre-18x12.jpg 18w, https:\/\/fervent-brahmagupta.135-125-119-145.plesk.page\/wp-content\/uploads\/2025\/09\/Ferdos-Agha-con-una-imagen-de-su-padre-600x400.jpg 600w, https:\/\/fervent-brahmagupta.135-125-119-145.plesk.page\/wp-content\/uploads\/2025\/09\/Ferdos-Agha-con-una-imagen-de-su-padre.jpg 1336w\" sizes=\"(max-width: 1024px) 100vw, 1024px\" \/><\/a><figcaption class=\"wp-element-caption\"><em>Ferdoss Agha, con una imagen de su padre<\/em>.&nbsp;| Andrea L\u00f3pez-Tom\u00e0s<\/figcaption><\/figure>\n\n\n\n<p class=\"wp-block-paragraph\">Como muchas otras madres, la de Ferdoss, con solo 24 a\u00f1os y varios ni\u00f1os a su cargo, el m\u00e1s peque\u00f1o de apenas cuatro meses, emprendi\u00f3 la lucha por encontrar a su marido. Ahora, ese activismo lo ha heredado Ferdoss. \u201cUna mujer perdida que ten\u00eda un hombro sobre el qu\u00e9 apoyarse. Cuando ese hombro desapareci\u00f3, la mujer tuvo que convertirse en padre y madre a la vez\u201d, escribe Ferdoss en boca de su madre en el libro \u2018Molinos de viento de nuestros corazones\u2019. Hace dos a\u00f1os, el comit\u00e9 reuni\u00f3 a 15 de sus miembros para escribir esta obra coral de relatos. Las mujeres contaron con completa libertad para narrar lo que desearan. Ferdoss quiso honrar a su padre y a su madre, escribiendo un relato a tres voces, junto a la suya.&nbsp;<\/p>\n\n\n\n<p class=\"wp-block-paragraph\"><em>De vez en cuando, siento la mente perdida y confundida, sin saber d\u00f3nde est\u00e1 mi padre. No hay nadie que me gu\u00ede hasta \u00e9l. Un grito interior me desgarra el coraz\u00f3n. Sangro por una pregunta candente que, m\u00e1s que nada, anhelo responder.<\/em><\/p>\n\n\n\n<p class=\"wp-block-paragraph\">Ese deseo por saber, por tener simplemente la informaci\u00f3n, sin necesidad del retorno, fue reconocido en 2018. Ese a\u00f1o el Parlamento liban\u00e9s aprob\u00f3 la Ley 105. \u201cSent\u00f3 las bases para el derecho a saber, lo cual es un logro, un gran paso en la lucha por este derecho, y propici\u00f3 la creaci\u00f3n de la Comisi\u00f3n Nacional para las Personas Desaparecidas Forzosamente, es decir, una comisi\u00f3n independiente que trabaja de forma espec\u00edfica en el expediente de las personas desaparecidas\u201d, cuenta el Bejjani. Tras 36 a\u00f1os de lucha, por fin, una victoria. Pero los momentos de felicidad en el L\u00edbano suelen durar poco. \u201cEs una ley muy importante, aunque m\u00e1s importante que la legislaci\u00f3n es su implementaci\u00f3n y los tratados para implementarla\u201d, a\u00f1ade.&nbsp;<\/p>\n\n\n\n<p class=\"wp-block-paragraph\">El gobierno retras\u00f3 el nombramiento de los comisionados que iba por decreto. El presupuesto asignado a la comisi\u00f3n fue m\u00ednimo. Al a\u00f1o siguiente, una de las crisis econ\u00f3micas m\u00e1s brutales en el mundo desde el siglo XIX, seg\u00fan el Banco Mundial, empez\u00f3 en el L\u00edbano. Lo sigue desangrando hasta el d\u00eda de hoy. \u201cSin un papel serio y una dedicaci\u00f3n seria por parte del gobierno para apoyar a esta comisi\u00f3n y permitirle implementar su mandato plenamente, siempre habr\u00e1 obst\u00e1culos que enfrentar\u201d, constata el Bejjani. Tras la expiraci\u00f3n del mandato de los comisionados este verano, Halwani aguarda los nuevos nombramientos para poder continuar el trabajo empezado hace d\u00e9cadas aquella tarde de septiembre.&nbsp;<br><\/p>\n\n\n\n<pre class=\"wp-block-verse has-text-align-left\"><\/pre>\n","protected":false},"excerpt":{"rendered":"<p>Oumu, vecina de Yaraax, ha intentado cruzar Europa en cayuco y desde su propio barrio y quiere volver a intentarlo. En la imagen, se hace una selfie junto a su hermana, sentadas en un cayuco pesquero de Yaraax. SARA AMINIYAN LLOPIS<\/p>","protected":false},"author":3,"featured_media":8716,"comment_status":"closed","ping_status":"closed","sticky":false,"template":"","format":"standard","meta":{"footnotes":""},"categories":[116],"tags":[],"destacado":[],"region":[136],"ppma_author":[83],"class_list":["post-8703","post","type-post","status-publish","format-standard","has-post-thumbnail","hentry","category-reportajes","region-oriente-medio"],"acf":[],"authors":[{"term_id":83,"user_id":0,"is_guest":1,"slug":"andrea-lopez-tomas","display_name":"Andrea L\u00f3pez-Tom\u00e0s","avatar_url":{"url":"https:\/\/fervent-brahmagupta.135-125-119-145.plesk.page\/wp-content\/uploads\/2023\/12\/andrea-lopez.jpeg","url2x":"https:\/\/fervent-brahmagupta.135-125-119-145.plesk.page\/wp-content\/uploads\/2023\/12\/andrea-lopez.jpeg"},"user_url":"","first_name":"","last_name":"","description":""}],"_links":{"self":[{"href":"https:\/\/fervent-brahmagupta.135-125-119-145.plesk.page\/ca\/wp-json\/wp\/v2\/posts\/8703","targetHints":{"allow":["GET"]}}],"collection":[{"href":"https:\/\/fervent-brahmagupta.135-125-119-145.plesk.page\/ca\/wp-json\/wp\/v2\/posts"}],"about":[{"href":"https:\/\/fervent-brahmagupta.135-125-119-145.plesk.page\/ca\/wp-json\/wp\/v2\/types\/post"}],"author":[{"embeddable":true,"href":"https:\/\/fervent-brahmagupta.135-125-119-145.plesk.page\/ca\/wp-json\/wp\/v2\/users\/3"}],"replies":[{"embeddable":true,"href":"https:\/\/fervent-brahmagupta.135-125-119-145.plesk.page\/ca\/wp-json\/wp\/v2\/comments?post=8703"}],"version-history":[{"count":4,"href":"https:\/\/fervent-brahmagupta.135-125-119-145.plesk.page\/ca\/wp-json\/wp\/v2\/posts\/8703\/revisions"}],"predecessor-version":[{"id":10589,"href":"https:\/\/fervent-brahmagupta.135-125-119-145.plesk.page\/ca\/wp-json\/wp\/v2\/posts\/8703\/revisions\/10589"}],"wp:featuredmedia":[{"embeddable":true,"href":"https:\/\/fervent-brahmagupta.135-125-119-145.plesk.page\/ca\/wp-json\/wp\/v2\/media\/8716"}],"wp:attachment":[{"href":"https:\/\/fervent-brahmagupta.135-125-119-145.plesk.page\/ca\/wp-json\/wp\/v2\/media?parent=8703"}],"wp:term":[{"taxonomy":"category","embeddable":true,"href":"https:\/\/fervent-brahmagupta.135-125-119-145.plesk.page\/ca\/wp-json\/wp\/v2\/categories?post=8703"},{"taxonomy":"post_tag","embeddable":true,"href":"https:\/\/fervent-brahmagupta.135-125-119-145.plesk.page\/ca\/wp-json\/wp\/v2\/tags?post=8703"},{"taxonomy":"destacado","embeddable":true,"href":"https:\/\/fervent-brahmagupta.135-125-119-145.plesk.page\/ca\/wp-json\/wp\/v2\/destacado?post=8703"},{"taxonomy":"region","embeddable":true,"href":"https:\/\/fervent-brahmagupta.135-125-119-145.plesk.page\/ca\/wp-json\/wp\/v2\/region?post=8703"},{"taxonomy":"author","embeddable":true,"href":"https:\/\/fervent-brahmagupta.135-125-119-145.plesk.page\/ca\/wp-json\/wp\/v2\/ppma_author?post=8703"}],"curies":[{"name":"wp","href":"https:\/\/api.w.org\/{rel}","templated":true}]}}