{"id":10,"name":"Andr\u00e9s Arnal Mart\u00ednez","url":"","description":"Polit\u00f3logo especializado en investigaci\u00f3n social y an\u00e1lisis de datos. Periodista freelance en materia de migraciones, vulneraci\u00f3n de derechos humanos y pol\u00edtica en Centroam\u00e9rica.","link":"https:\/\/fervent-brahmagupta.135-125-119-145.plesk.page\/ca\/author\/andres-arnal-martinez\/","slug":"andres-arnal-martinez","avatar_urls":{"24":"https:\/\/fervent-brahmagupta.135-125-119-145.plesk.page\/wp-content\/uploads\/2024\/04\/Yemaya_5-scaled-1-100x100.jpg","48":"https:\/\/fervent-brahmagupta.135-125-119-145.plesk.page\/wp-content\/uploads\/2024\/04\/Yemaya_5-scaled-1-100x100.jpg","96":"https:\/\/fervent-brahmagupta.135-125-119-145.plesk.page\/wp-content\/uploads\/2024\/04\/Yemaya_5-scaled-1-100x100.jpg"},"meta":[],"acf":[],"elementor_introduction":"","_links":{"self":[{"href":"https:\/\/fervent-brahmagupta.135-125-119-145.plesk.page\/ca\/wp-json\/wp\/v2\/users\/10","targetHints":{"allow":["GET"]}}],"collection":[{"href":"https:\/\/fervent-brahmagupta.135-125-119-145.plesk.page\/ca\/wp-json\/wp\/v2\/users"}]}}