{"id":5,"name":"Sara Aminiyan","url":"","description":"Fot\u00f3grafa y periodista. Trabajando en el \u00e1mbito de cultura audiovisual y el fotoperiodismo. Periodista freelance para distintos medios de comunicaci\u00f3n: generalistas e independiente. Siempre, reivindicando que lo privado es pol\u00edtico.","link":"https:\/\/fervent-brahmagupta.135-125-119-145.plesk.page\/ca\/author\/sara-aminiyan\/","slug":"sara-aminiyan","avatar_urls":{"24":"https:\/\/fervent-brahmagupta.135-125-119-145.plesk.page\/wp-content\/uploads\/2024\/04\/s-e1713375288904-100x100.jpg","48":"https:\/\/fervent-brahmagupta.135-125-119-145.plesk.page\/wp-content\/uploads\/2024\/04\/s-e1713375288904-100x100.jpg","96":"https:\/\/fervent-brahmagupta.135-125-119-145.plesk.page\/wp-content\/uploads\/2024\/04\/s-e1713375288904-100x100.jpg"},"meta":[],"acf":[],"elementor_introduction":{"yoast-introduction":true,"ai-get-started-announcement":true,"e-apps":true,"globals_introduction":true},"_links":{"self":[{"href":"https:\/\/fervent-brahmagupta.135-125-119-145.plesk.page\/ca\/wp-json\/wp\/v2\/users\/5","targetHints":{"allow":["GET"]}}],"collection":[{"href":"https:\/\/fervent-brahmagupta.135-125-119-145.plesk.page\/ca\/wp-json\/wp\/v2\/users"}]}}